{"id":1546,"date":"2026-07-23T18:24:38","date_gmt":"2026-07-23T16:24:38","guid":{"rendered":"https:\/\/www.portesetfenetrespresident.com\/black-windows\/"},"modified":"2026-07-23T18:24:38","modified_gmt":"2026-07-23T16:24:38","slug":"black-windows","status":"publish","type":"post","link":"https:\/\/www.portesetfenetrespresident.com\/en\/nouvelles\/black-windows\/","title":{"rendered":"Black is Back: Elevate Your Home With All-Black Windows"},"content":{"rendered":"<h1><b><strong>Black is Back: Elevate Your Home With All-Black Windows<\/strong><\/b><\/h1>\n<p>Thinking about new windows? Transform your home with stylish all-black casement windows. Since window replacements are a long-term investment, making an informed choice is essential. Black windows can boost your home\u2019s curb appeal and increase its overall value. There\u2019s a lot to consider!<\/p>\n<blockquote>\n<p style=\"text-align: left;\"><i><span style=\"font-weight: 400;\">Consultez les conseillers de portes et fen\u00eatres PRESIDENT.<\/span><\/i><\/p>\n<\/blockquote>\n<hr>\n<h3><b><strong>Why are black window frames trending?<\/strong><\/b><\/h3>\n<p>Originally used in industrial buildings in the early 20th century, these windows began appearing in residential developments as the farmhouse style gained popularity. Black window frames are suitable for both traditional and modern homes. When it comes to a home\u2019s exterior, black frames are versatile\u2014they seamlessly blend into the glass. No matter what colour the house is, black\u2014a neutral\u2014may be a good choice.<\/p>\n<p>In a home\u2019s interior, black window frames add a modern touch, and, most importantly, highlight the exterior landscape. Like the frame of a painting, black window frames draw the viewer\u2019s attention. It\u2019s a perfect way to emphasize your home\u2019s natural surroundings while adding a touch of elegance. In fact, many people choose to forgo curtains or blinds to maintain this visual contrast that enhances the view.<\/p>\n<hr>\n<h3><b><strong>Where do all-black windows work best?<\/strong><\/b><\/h3>\n<p>Les fen\u00eatres toutes noires conviennent \u00e0 plusieurs types de pi\u00e8ces et de maisons.<\/p>\n<p><b><strong>Key indoor benefits<\/strong>:<\/b><\/p>\n<ul>\n<li style=\"font-weight: 400;\" aria-level=\"1\"><span style=\"font-weight: 400;\"><strong>Contrast<\/strong>: Black window frames provide a striking contrast, especially when paired with light-coloured d\u00e9cor. If your interior features light, modern tones, black windows will seamlessly complement your aesthetic.<\/span><\/li>\n<li style=\"font-weight: 400;\" aria-level=\"1\"><span style=\"font-weight: 400;\"><strong>View<\/strong>: Black-framed windows draw attention to the view. The black frame blends smoothly with the glass, enhancing the visibility of the outdoor landscape.<\/span><\/li>\n<li style=\"font-weight: 400;\" aria-level=\"1\"><strong>Focal point<\/strong>: Black windows add a sleek, modern focal point to any room.<\/li>\n<\/ul>\n<p><b><strong>Key exterior benefits<\/strong>:<\/b><\/p>\n<ul>\n<li style=\"font-weight: 400;\" aria-level=\"1\"><span style=\"font-weight: 400;\"><strong>Contrast<\/strong>: Black windows create a striking contrast with lighter house siding and blend seamlessly with darker exteriors.<\/span><\/li>\n<li style=\"font-weight: 400;\" aria-level=\"1\"><span style=\"font-weight: 400;\"><strong>Versatility<\/strong>: Black windows bring versatile style and enhance a home\u2019s overall design.<\/span><\/li>\n<li style=\"font-weight: 400;\" aria-level=\"1\"><strong>Curb appeal<\/strong>: With their bold, on-trend look, black windows elevate curb appeal and can be attractive to potential buyers if you\u2019re planning to sell your home.<\/li>\n<\/ul>\n<hr>\n<p><b style=\"font-size: 20px;\"><strong>Black window styles<\/strong><\/b><\/p>\n<p>Whether replacing or installing new windows, choosing the right style for your home\u2019s interior and exterior is essential. The ideal style will depend on your home\u2019s architecture, size and ventilation needs. Simple casement or crank windows suit a variety of architectural styles. In black, they also make excellent replacements for older interior wood windows, adding a sophisticated and exclusive touch to your home.<\/p>\n<hr>\n<h3><b><strong>Frequently Asked Questions About Black Windows<\/strong><\/b><\/h3>\n<p><span style=\"font-weight: 400;\">Before investing in black windows, you might have questions about their suitability for your home. It\u2019s essential to take everything into consideration before embracing this trend. Here are some common questions people ask about black windows:<\/span><\/p>\n<hr>\n<h4><strong>Why are black windows more expensive than standard windows?<\/strong><\/h4>\n<p>Black windows are typically more expensive due to an additional manufacturing process that ensures the black colour remains fade-resistant over time.<\/p>\n<h4><b><strong>Do black windows fade<\/strong>?<\/b><\/h4>\n<p>Black windows can fade if not adequately treated during manufacturing. Exposure to moisture or sunlight can accelerate fading in certain materials. That\u2019s why PRESIDENT ensures expert advice on the best material choice for your home, along with offering an unmatched warranty on its products.<\/p>\n<p>Discover all the benefits of PRESIDENT Doors and windows taking complete charge of your window replacement project and <u>our unique ISO-Therma\u00ae technology insulation process<\/u>, or call 1-855-670-4777.<\/p>\n<blockquote><p><a href=\"https:\/\/www.portesetfenetrespresident.com\/contact\/\"><strong>Changez pour voir.<\/strong><\/a><\/p><\/blockquote>\n<hr>\n<h2><span style=\"color: #009cdf;\">ATTENTION! YOUR RENOVATION PROJECT STARTS HERE<\/span><\/h2>\n<p>Thinking about replacing doors or windows? You could be eligible for financial assistance or a government loan.<\/p>\n<h4>M<span style=\"font-size: 16px;\">aximize your funding with R\u00e9noclimat \u2013 Save energy and money!<\/span><\/h4>\n<p>Find out about the R\u00e9noclimat program and discover how to obtain financial assistance for replacing your doors and windows:<\/p>\n<ul>\n<li>Schedule a free appointment with one of our fenestration advisors now by completing our <a href=\"https:\/\/www.portesetfenetrespresident.com\/en\/contact-us\/\">In-Home Appointment Request Form<\/a>.<\/li>\n<li>Or contact us by phone at <a href=\"tel:4506704777\"><span style=\"color: #009cdf;\">450-670-4777<\/span>.<\/a><\/li>\n<li>For more details on the financial assistance from the R\u00e9noclimat program, consult:\u00a0<span style=\"color: #009cdf;\"><a style=\"color: #009cdf;\" href=\"https:\/\/www.quebec.ca\/en\/housing-territory\/heating-energy-consumption\/financial-assistance-retrofits\/renoclimat\">The R\u00e9noclimat financial assistance program<\/a> <\/span>for replacing doors and windows.<\/li>\n<\/ul>\n<script>function getWR360PopupSkin(){return 'light_clean';}<\/script>","protected":false},"excerpt":{"rendered":"<p>Thinking about new windows? Transform your home with stylish all-black casement windows. Since window replacements are a long-term investment, making an informed choice is essential. Black windows can boost your home\u2019s curb appeal and increase its overall value. There\u2019s a lot to consider!<\/p>\n","protected":false},"author":1,"featured_media":0,"comment_status":"open","ping_status":"open","sticky":false,"template":"","format":"standard","meta":{"_acf_changed":false,"footnotes":""},"categories":[],"tags":[],"class_list":["post-1546","post","type-post","status-publish","format-standard"],"acf":[],"yoast_head":"<!-- This site is optimized with the Yoast SEO plugin v28.4 - https:\/\/yoast.com\/product\/yoast-seo-wordpress\/ -->\n<title>Black is Back: Elevate Your Home With All-Black Windows - Portes et fen\u00eatres Pr\u00e9sident<\/title>\n<meta name=\"robots\" content=\"index, follow, max-snippet:-1, max-image-preview:large, max-video-preview:-1\" \/>\n<link rel=\"canonical\" href=\"https:\/\/www.portesetfenetrespresident.com\/en\/nouvelles\/black-windows\/\" \/>\n<meta property=\"og:locale\" content=\"en_US\" \/>\n<meta property=\"og:type\" content=\"article\" \/>\n<meta property=\"og:title\" content=\"Black is Back: Elevate Your Home With All-Black Windows - Portes et fen\u00eatres Pr\u00e9sident\" \/>\n<meta property=\"og:description\" content=\"Thinking about new windows? Transform your home with stylish all-black casement windows. Since window replacements are a long-term investment, making an informed choice is essential. Black windows can boost your home\u2019s curb appeal and increase its overall value. There\u2019s a lot to consider!\" \/>\n<meta property=\"og:url\" content=\"https:\/\/www.portesetfenetrespresident.com\/en\/nouvelles\/black-windows\/\" \/>\n<meta property=\"og:site_name\" content=\"Portes et fen\u00eatres Pr\u00e9sident\" \/>\n<meta property=\"article:published_time\" content=\"2026-07-23T16:24:38+00:00\" \/>\n<meta name=\"author\" content=\"@PresPortFenRedbox\" \/>\n<meta name=\"twitter:card\" content=\"summary_large_image\" \/>\n<meta name=\"twitter:label1\" content=\"Written by\" \/>\n\t<meta name=\"twitter:data1\" content=\"@PresPortFenRedbox\" \/>\n\t<meta name=\"twitter:label2\" content=\"Est. reading time\" \/>\n\t<meta name=\"twitter:data2\" content=\"16 minutes\" \/>\n<script type=\"application\/ld+json\" class=\"yoast-schema-graph\">{\"@context\":\"https:\\\/\\\/schema.org\",\"@graph\":[{\"@type\":\"Article\",\"@id\":\"https:\\\/\\\/www.portesetfenetrespresident.com\\\/en\\\/nouvelles\\\/black-windows\\\/#article\",\"isPartOf\":{\"@id\":\"https:\\\/\\\/www.portesetfenetrespresident.com\\\/en\\\/nouvelles\\\/black-windows\\\/\"},\"author\":{\"name\":\"@PresPortFenRedbox\",\"@id\":\"https:\\\/\\\/www.portesetfenetrespresident.com\\\/en\\\/#\\\/schema\\\/person\\\/ef6b293cf124702395488abbe922caac\"},\"headline\":\"Black is Back: Elevate Your Home With All-Black Windows\",\"datePublished\":\"2026-07-23T16:24:38+00:00\",\"mainEntityOfPage\":{\"@id\":\"https:\\\/\\\/www.portesetfenetrespresident.com\\\/en\\\/nouvelles\\\/black-windows\\\/\"},\"wordCount\":2608,\"commentCount\":0,\"inLanguage\":\"en-US\",\"potentialAction\":[{\"@type\":\"CommentAction\",\"name\":\"Comment\",\"target\":[\"https:\\\/\\\/www.portesetfenetrespresident.com\\\/en\\\/nouvelles\\\/black-windows\\\/#respond\"]}]},{\"@type\":\"WebPage\",\"@id\":\"https:\\\/\\\/www.portesetfenetrespresident.com\\\/en\\\/nouvelles\\\/black-windows\\\/\",\"url\":\"https:\\\/\\\/www.portesetfenetrespresident.com\\\/en\\\/nouvelles\\\/black-windows\\\/\",\"name\":\"Black is Back: Elevate Your Home With All-Black Windows - Portes et fen\u00eatres Pr\u00e9sident\",\"isPartOf\":{\"@id\":\"https:\\\/\\\/www.portesetfenetrespresident.com\\\/en\\\/#website\"},\"datePublished\":\"2026-07-23T16:24:38+00:00\",\"author\":{\"@id\":\"https:\\\/\\\/www.portesetfenetrespresident.com\\\/en\\\/#\\\/schema\\\/person\\\/ef6b293cf124702395488abbe922caac\"},\"breadcrumb\":{\"@id\":\"https:\\\/\\\/www.portesetfenetrespresident.com\\\/en\\\/nouvelles\\\/black-windows\\\/#breadcrumb\"},\"inLanguage\":\"en-US\",\"potentialAction\":[{\"@type\":\"ReadAction\",\"target\":[\"https:\\\/\\\/www.portesetfenetrespresident.com\\\/en\\\/nouvelles\\\/black-windows\\\/\"]}]},{\"@type\":\"BreadcrumbList\",\"@id\":\"https:\\\/\\\/www.portesetfenetrespresident.com\\\/en\\\/nouvelles\\\/black-windows\\\/#breadcrumb\",\"itemListElement\":[{\"@type\":\"ListItem\",\"position\":1,\"name\":\"Accueil\",\"item\":\"https:\\\/\\\/www.portesetfenetrespresident.com\\\/en\\\/\"},{\"@type\":\"ListItem\",\"position\":2,\"name\":\"Black is Back: Elevate Your Home With All-Black Windows\"}]},{\"@type\":\"WebSite\",\"@id\":\"https:\\\/\\\/www.portesetfenetrespresident.com\\\/en\\\/#website\",\"url\":\"https:\\\/\\\/www.portesetfenetrespresident.com\\\/en\\\/\",\"name\":\"Portes et fen\u00eatres Pr\u00e9sident\",\"description\":\"La nouvelle g\u00e9n\u00e9ration de portes et fen\u00eatres\",\"potentialAction\":[{\"@type\":\"SearchAction\",\"target\":{\"@type\":\"EntryPoint\",\"urlTemplate\":\"https:\\\/\\\/www.portesetfenetrespresident.com\\\/en\\\/?s={search_term_string}\"},\"query-input\":{\"@type\":\"PropertyValueSpecification\",\"valueRequired\":true,\"valueName\":\"search_term_string\"}}],\"inLanguage\":\"en-US\"},{\"@type\":\"Person\",\"@id\":\"https:\\\/\\\/www.portesetfenetrespresident.com\\\/en\\\/#\\\/schema\\\/person\\\/ef6b293cf124702395488abbe922caac\",\"name\":\"@PresPortFenRedbox\",\"image\":{\"@type\":\"ImageObject\",\"inLanguage\":\"en-US\",\"@id\":\"https:\\\/\\\/secure.gravatar.com\\\/avatar\\\/18f0d3fc7c5dce56638509b6723441b1cb65331321a530da9744c088e8d655ac?s=96&d=mm&r=g\",\"url\":\"https:\\\/\\\/secure.gravatar.com\\\/avatar\\\/18f0d3fc7c5dce56638509b6723441b1cb65331321a530da9744c088e8d655ac?s=96&d=mm&r=g\",\"contentUrl\":\"https:\\\/\\\/secure.gravatar.com\\\/avatar\\\/18f0d3fc7c5dce56638509b6723441b1cb65331321a530da9744c088e8d655ac?s=96&d=mm&r=g\",\"caption\":\"@PresPortFenRedbox\"},\"sameAs\":[\"https:\\\/\\\/www.portesetfenetrespresident.com\"],\"url\":\"https:\\\/\\\/www.portesetfenetrespresident.com\\\/en\\\/nouvelles\\\/author\\\/presportfenredbox\\\/\"}]}<\/script>\n<!-- \/ Yoast SEO plugin. -->","yoast_head_json":{"title":"Black is Back: Elevate Your Home With All-Black Windows - Portes et fen\u00eatres Pr\u00e9sident","robots":{"index":"index","follow":"follow","max-snippet":"max-snippet:-1","max-image-preview":"max-image-preview:large","max-video-preview":"max-video-preview:-1"},"canonical":"https:\/\/www.portesetfenetrespresident.com\/en\/nouvelles\/black-windows\/","og_locale":"en_US","og_type":"article","og_title":"Black is Back: Elevate Your Home With All-Black Windows - Portes et fen\u00eatres Pr\u00e9sident","og_description":"Thinking about new windows? Transform your home with stylish all-black casement windows. Since window replacements are a long-term investment, making an informed choice is essential. Black windows can boost your home\u2019s curb appeal and increase its overall value. There\u2019s a lot to consider!","og_url":"https:\/\/www.portesetfenetrespresident.com\/en\/nouvelles\/black-windows\/","og_site_name":"Portes et fen\u00eatres Pr\u00e9sident","article_published_time":"2026-07-23T16:24:38+00:00","author":"@PresPortFenRedbox","twitter_card":"summary_large_image","twitter_misc":{"Written by":"@PresPortFenRedbox","Est. reading time":"16 minutes"},"schema":{"@context":"https:\/\/schema.org","@graph":[{"@type":"Article","@id":"https:\/\/www.portesetfenetrespresident.com\/en\/nouvelles\/black-windows\/#article","isPartOf":{"@id":"https:\/\/www.portesetfenetrespresident.com\/en\/nouvelles\/black-windows\/"},"author":{"name":"@PresPortFenRedbox","@id":"https:\/\/www.portesetfenetrespresident.com\/en\/#\/schema\/person\/ef6b293cf124702395488abbe922caac"},"headline":"Black is Back: Elevate Your Home With All-Black Windows","datePublished":"2026-07-23T16:24:38+00:00","mainEntityOfPage":{"@id":"https:\/\/www.portesetfenetrespresident.com\/en\/nouvelles\/black-windows\/"},"wordCount":2608,"commentCount":0,"inLanguage":"en-US","potentialAction":[{"@type":"CommentAction","name":"Comment","target":["https:\/\/www.portesetfenetrespresident.com\/en\/nouvelles\/black-windows\/#respond"]}]},{"@type":"WebPage","@id":"https:\/\/www.portesetfenetrespresident.com\/en\/nouvelles\/black-windows\/","url":"https:\/\/www.portesetfenetrespresident.com\/en\/nouvelles\/black-windows\/","name":"Black is Back: Elevate Your Home With All-Black Windows - Portes et fen\u00eatres Pr\u00e9sident","isPartOf":{"@id":"https:\/\/www.portesetfenetrespresident.com\/en\/#website"},"datePublished":"2026-07-23T16:24:38+00:00","author":{"@id":"https:\/\/www.portesetfenetrespresident.com\/en\/#\/schema\/person\/ef6b293cf124702395488abbe922caac"},"breadcrumb":{"@id":"https:\/\/www.portesetfenetrespresident.com\/en\/nouvelles\/black-windows\/#breadcrumb"},"inLanguage":"en-US","potentialAction":[{"@type":"ReadAction","target":["https:\/\/www.portesetfenetrespresident.com\/en\/nouvelles\/black-windows\/"]}]},{"@type":"BreadcrumbList","@id":"https:\/\/www.portesetfenetrespresident.com\/en\/nouvelles\/black-windows\/#breadcrumb","itemListElement":[{"@type":"ListItem","position":1,"name":"Accueil","item":"https:\/\/www.portesetfenetrespresident.com\/en\/"},{"@type":"ListItem","position":2,"name":"Black is Back: Elevate Your Home With All-Black Windows"}]},{"@type":"WebSite","@id":"https:\/\/www.portesetfenetrespresident.com\/en\/#website","url":"https:\/\/www.portesetfenetrespresident.com\/en\/","name":"Portes et fen\u00eatres Pr\u00e9sident","description":"La nouvelle g\u00e9n\u00e9ration de portes et fen\u00eatres","potentialAction":[{"@type":"SearchAction","target":{"@type":"EntryPoint","urlTemplate":"https:\/\/www.portesetfenetrespresident.com\/en\/?s={search_term_string}"},"query-input":{"@type":"PropertyValueSpecification","valueRequired":true,"valueName":"search_term_string"}}],"inLanguage":"en-US"},{"@type":"Person","@id":"https:\/\/www.portesetfenetrespresident.com\/en\/#\/schema\/person\/ef6b293cf124702395488abbe922caac","name":"@PresPortFenRedbox","image":{"@type":"ImageObject","inLanguage":"en-US","@id":"https:\/\/secure.gravatar.com\/avatar\/18f0d3fc7c5dce56638509b6723441b1cb65331321a530da9744c088e8d655ac?s=96&d=mm&r=g","url":"https:\/\/secure.gravatar.com\/avatar\/18f0d3fc7c5dce56638509b6723441b1cb65331321a530da9744c088e8d655ac?s=96&d=mm&r=g","contentUrl":"https:\/\/secure.gravatar.com\/avatar\/18f0d3fc7c5dce56638509b6723441b1cb65331321a530da9744c088e8d655ac?s=96&d=mm&r=g","caption":"@PresPortFenRedbox"},"sameAs":["https:\/\/www.portesetfenetrespresident.com"],"url":"https:\/\/www.portesetfenetrespresident.com\/en\/nouvelles\/author\/presportfenredbox\/"}]}},"_links":{"self":[{"href":"https:\/\/www.portesetfenetrespresident.com\/en\/wp-json\/wp\/v2\/posts\/1546","targetHints":{"allow":["GET"]}}],"collection":[{"href":"https:\/\/www.portesetfenetrespresident.com\/en\/wp-json\/wp\/v2\/posts"}],"about":[{"href":"https:\/\/www.portesetfenetrespresident.com\/en\/wp-json\/wp\/v2\/types\/post"}],"author":[{"embeddable":true,"href":"https:\/\/www.portesetfenetrespresident.com\/en\/wp-json\/wp\/v2\/users\/1"}],"replies":[{"embeddable":true,"href":"https:\/\/www.portesetfenetrespresident.com\/en\/wp-json\/wp\/v2\/comments?post=1546"}],"version-history":[{"count":0,"href":"https:\/\/www.portesetfenetrespresident.com\/en\/wp-json\/wp\/v2\/posts\/1546\/revisions"}],"wp:attachment":[{"href":"https:\/\/www.portesetfenetrespresident.com\/en\/wp-json\/wp\/v2\/media?parent=1546"}],"wp:term":[{"taxonomy":"category","embeddable":true,"href":"https:\/\/www.portesetfenetrespresident.com\/en\/wp-json\/wp\/v2\/categories?post=1546"},{"taxonomy":"post_tag","embeddable":true,"href":"https:\/\/www.portesetfenetrespresident.com\/en\/wp-json\/wp\/v2\/tags?post=1546"}],"curies":[{"name":"wp","href":"https:\/\/api.w.org\/{rel}","templated":true}]}}