{"id":1541,"date":"2026-07-23T18:24:38","date_gmt":"2026-07-23T16:24:38","guid":{"rendered":"https:\/\/www.portesetfenetrespresident.com\/sustainable-beauty-a-responsible-choice\/"},"modified":"2026-07-23T18:24:38","modified_gmt":"2026-07-23T16:24:38","slug":"sustainable-beauty-a-responsible-choice","status":"publish","type":"post","link":"https:\/\/www.portesetfenetrespresident.com\/en\/nouvelles\/sustainable-beauty-a-responsible-choice\/","title":{"rendered":"Sustainable beauty, a responsible choice"},"content":{"rendered":"<h1><strong>Sustainable beauty, a responsible choice<\/strong><\/h1>\n<p><img loading=\"lazy\" decoding=\"async\" class=\"alignnone wp-image-8981 size-full\" src=\"https:\/\/www.portesetfenetrespresident.com\/wp-content\/uploads\/2024\/05\/PR_AV_AP_12550-60e-avenue_1030x497_EN.jpg\" alt=\"\" width=\"1030\" height=\"496\" \/><\/p>\n<blockquote><p><span style=\"font-weight: 400;\">I\u2019m amazed at how adding a bay window makes our living room feel more spacious, while adding style to the front of the house.<\/span><\/p>\n<p><span style=\"font-weight: 400;\">Claudette \u2013 Montreal<\/span><\/p><\/blockquote>\n<p><b>Sustainable beauty, a responsible choice<\/b><\/p>\n<p>In addition to giving her home a fresh look, Claudette from Montreal appreciates the added comfort and energy savings that her investment brings. <a href=\"\/en\/windows\/casement-windows\/\">Hybrid casement windows<\/a> insulated with PRESIDENT\u2019s <a href=\"https:\/\/www.portesetfenetrespresident.com\/en\/technology\/\">ISO-THERMA<\/a> Technology is an energy-saving choice. Being Energy STAR<sup>\u00ae<\/sup> certified products, they are also eligible for the interest-free Canada Greener Homes Loan and <a href=\"https:\/\/transitionenergetique.gouv.qc.ca\/en\/residential\/programs\/renoclimat\/financial-assistance\/replacement-of-doors-and-windows\" target=\"_blank\" rel=\"noopener\">R\u00e9noclimat<\/a> financial assistance program.<\/p>\n<p><strong>Integrated design and increased light<\/strong><\/p>\n<p>Replacing a three-section window with a bay window of the same size brings a whole new look to a charming Montreal semi-detached home. \u00abIt\u2019s as if I\u2019ve added a little skylight to my decor,\u00bb says Claudette. \u00abThe new window makes my living room appear more spacious. It\u2019s much brighter now,\u00bb she adds.<\/p>\n<p><strong>Harmonize with style<\/strong><\/p>\n<p>In addition to the energy-efficient qualities of PRESIDENT casement windows, the <a href=\"\/en\/windows\/hybrid-configuration-windows\/\">hybrid model<\/a> chosen by Claudette is customizable, making it a perfect match for the style of her home. The white PVC interior finish brightens up the room, while harmonizing with her other windows, and the antique beige aluminum exterior finish matches her brickwork and front door. Claudette is delighted with the result: \u00abYou get the impression that the bay window has always been part of the fa\u00e7ade. It\u2019s so beautifully integrated.\u00bb<\/p>\n<p><strong>Advantages of PRESIDENT casement windows:<\/strong><\/p>\n<ul>\n<li>The most water-, sound- and weather-proof<\/li>\n<li>Customizable to suit any style of home<\/li>\n<li>Easy to maintain<\/li>\n<li>Available in hybrid PVC-aluminum configuration<\/li>\n<li>Can be combined with fixed windows with up to 5 sections<\/li>\n<li>Choice of double- or triple-pane<\/li>\n<\/ul>\n<p><img loading=\"lazy\" decoding=\"async\" class=\"alignnone wp-image-8983 size-full\" src=\"https:\/\/www.portesetfenetrespresident.com\/wp-content\/uploads\/2024\/05\/PR_AV_AP_12550-60e-avenue_960x960_EN.jpg\" alt=\"\" width=\"960\" height=\"960\" \/><\/p>\n<p><strong>From our factory to your home<\/strong><\/p>\n<p>As a manufacturer-installer that specializes in home renovation, PRESIDENT Doors and Windows provides full support and unparalleled quality control for window replacement projects. Whether you\u2019re looking to update your home\u2019s look or keep its original style, you\u2019re sure to find the model, colour and glass option you need. You\u2019ll also take advantage of PRESIDENT\u2019s <a href=\"https:\/\/www.portesetfenetrespresident.com\/en\/technology\/\">exclusive ISO-THERMA Technology insulation process<\/a>, which makes our ENERGY STAR<sup>\u00ae<\/sup> products highly energy efficient.<\/p>\n<p>Don\u2019t hesitate to contact us today to discuss your window replacement project by dialling <u>1\u00a0855\u00a0670-4777<\/u> or filling out our <a href=\"https:\/\/www.portesetfenetrespresident.com\/en\/contact-us\/\">request form<\/a> for a FREE in-home estimate appointment.<\/p>\n<section class=\"av_textblock_section \">\n<div class=\"avia_textblock \"><\/div>\n<\/section>\n<hr>\n<h2><span style=\"color: #009cdf;\">ATTENTION! YOUR RENOVATION PROJECT STARTS HERE<\/span><\/h2>\n<p>Thinking about replacing doors or windows? You could be eligible for financial assistance or a government loan.<\/p>\n<h4>M<span style=\"font-size: 16px;\">aximize your funding with R\u00e9noclimat \u2013 Save energy and money!<\/span><\/h4>\n<p>Find out about the R\u00e9noclimat program and discover how to obtain financial assistance for replacing your doors and windows:<\/p>\n<ul>\n<li>Schedule a free appointment with one of our fenestration advisors now by completing our <a href=\"https:\/\/www.portesetfenetrespresident.com\/en\/contact-us\/\">In-Home Appointment Request Form<\/a>.<\/li>\n<li>Or contact us by phone at <a href=\"tel:4506704777\"><span style=\"color: #009cdf;\">450-670-4777<\/span>.<\/a><\/li>\n<li>For more details on the financial assistance from the R\u00e9noclimat program, consult:\u00a0<span style=\"color: #009cdf;\"><a style=\"color: #009cdf;\" href=\"https:\/\/www.quebec.ca\/en\/housing-territory\/heating-energy-consumption\/financial-assistance-retrofits\/renoclimat\">The R\u00e9noclimat financial assistance program<\/a> <\/span>for replacing doors and windows.<\/li>\n<\/ul>\n<script>function getWR360PopupSkin(){return 'light_clean';}<\/script>","protected":false},"excerpt":{"rendered":"<p>In addition to giving her home a fresh look, Claudette from Montreal appreciates the added comfort and energy savings that her investment brings. Hybrid casement windows insulated with PRESIDENT\u2019s ISO-THERMA Technology is an energy-saving choice.<\/p>\n","protected":false},"author":1,"featured_media":0,"comment_status":"open","ping_status":"open","sticky":false,"template":"","format":"standard","meta":{"_acf_changed":false,"footnotes":""},"categories":[],"tags":[],"class_list":["post-1541","post","type-post","status-publish","format-standard"],"acf":[],"yoast_head":"<!-- This site is optimized with the Yoast SEO plugin v28.4 - https:\/\/yoast.com\/product\/yoast-seo-wordpress\/ -->\n<title>Sustainable beauty, a responsible choice - Portes et fen\u00eatres Pr\u00e9sident<\/title>\n<meta name=\"robots\" content=\"index, follow, max-snippet:-1, max-image-preview:large, max-video-preview:-1\" \/>\n<link rel=\"canonical\" href=\"https:\/\/www.portesetfenetrespresident.com\/en\/nouvelles\/sustainable-beauty-a-responsible-choice\/\" \/>\n<meta property=\"og:locale\" content=\"en_US\" \/>\n<meta property=\"og:type\" content=\"article\" \/>\n<meta property=\"og:title\" content=\"Sustainable beauty, a responsible choice - Portes et fen\u00eatres Pr\u00e9sident\" \/>\n<meta property=\"og:description\" content=\"In addition to giving her home a fresh look, Claudette from Montreal appreciates the added comfort and energy savings that her investment brings. Hybrid casement windows insulated with PRESIDENT\u2019s ISO-THERMA Technology is an energy-saving choice.\" \/>\n<meta property=\"og:url\" content=\"https:\/\/www.portesetfenetrespresident.com\/en\/nouvelles\/sustainable-beauty-a-responsible-choice\/\" \/>\n<meta property=\"og:site_name\" content=\"Portes et fen\u00eatres Pr\u00e9sident\" \/>\n<meta property=\"article:published_time\" content=\"2026-07-23T16:24:38+00:00\" \/>\n<meta property=\"og:image\" content=\"https:\/\/www.portesetfenetrespresident.com\/wp-content\/uploads\/2024\/05\/PR_AV_AP_12550-60e-avenue_1030x497_EN.jpg\" \/>\n<meta name=\"author\" content=\"@PresPortFenRedbox\" \/>\n<meta name=\"twitter:card\" content=\"summary_large_image\" \/>\n<meta name=\"twitter:label1\" content=\"Written by\" \/>\n\t<meta name=\"twitter:data1\" content=\"@PresPortFenRedbox\" \/>\n\t<meta name=\"twitter:label2\" content=\"Est. reading time\" \/>\n\t<meta name=\"twitter:data2\" content=\"3 minutes\" \/>\n<script type=\"application\/ld+json\" class=\"yoast-schema-graph\">{\"@context\":\"https:\\\/\\\/schema.org\",\"@graph\":[{\"@type\":\"Article\",\"@id\":\"https:\\\/\\\/www.portesetfenetrespresident.com\\\/en\\\/nouvelles\\\/sustainable-beauty-a-responsible-choice\\\/#article\",\"isPartOf\":{\"@id\":\"https:\\\/\\\/www.portesetfenetrespresident.com\\\/en\\\/nouvelles\\\/sustainable-beauty-a-responsible-choice\\\/\"},\"author\":{\"name\":\"@PresPortFenRedbox\",\"@id\":\"https:\\\/\\\/www.portesetfenetrespresident.com\\\/en\\\/#\\\/schema\\\/person\\\/ef6b293cf124702395488abbe922caac\"},\"headline\":\"Sustainable beauty, a responsible choice\",\"datePublished\":\"2026-07-23T16:24:38+00:00\",\"mainEntityOfPage\":{\"@id\":\"https:\\\/\\\/www.portesetfenetrespresident.com\\\/en\\\/nouvelles\\\/sustainable-beauty-a-responsible-choice\\\/\"},\"wordCount\":581,\"commentCount\":0,\"image\":{\"@id\":\"https:\\\/\\\/www.portesetfenetrespresident.com\\\/en\\\/nouvelles\\\/sustainable-beauty-a-responsible-choice\\\/#primaryimage\"},\"thumbnailUrl\":\"https:\\\/\\\/www.portesetfenetrespresident.com\\\/wp-content\\\/uploads\\\/2024\\\/05\\\/PR_AV_AP_12550-60e-avenue_1030x497_EN.jpg\",\"inLanguage\":\"en-US\",\"potentialAction\":[{\"@type\":\"CommentAction\",\"name\":\"Comment\",\"target\":[\"https:\\\/\\\/www.portesetfenetrespresident.com\\\/en\\\/nouvelles\\\/sustainable-beauty-a-responsible-choice\\\/#respond\"]}]},{\"@type\":\"WebPage\",\"@id\":\"https:\\\/\\\/www.portesetfenetrespresident.com\\\/en\\\/nouvelles\\\/sustainable-beauty-a-responsible-choice\\\/\",\"url\":\"https:\\\/\\\/www.portesetfenetrespresident.com\\\/en\\\/nouvelles\\\/sustainable-beauty-a-responsible-choice\\\/\",\"name\":\"Sustainable beauty, a responsible choice - Portes et fen\u00eatres Pr\u00e9sident\",\"isPartOf\":{\"@id\":\"https:\\\/\\\/www.portesetfenetrespresident.com\\\/en\\\/#website\"},\"primaryImageOfPage\":{\"@id\":\"https:\\\/\\\/www.portesetfenetrespresident.com\\\/en\\\/nouvelles\\\/sustainable-beauty-a-responsible-choice\\\/#primaryimage\"},\"image\":{\"@id\":\"https:\\\/\\\/www.portesetfenetrespresident.com\\\/en\\\/nouvelles\\\/sustainable-beauty-a-responsible-choice\\\/#primaryimage\"},\"thumbnailUrl\":\"https:\\\/\\\/www.portesetfenetrespresident.com\\\/wp-content\\\/uploads\\\/2024\\\/05\\\/PR_AV_AP_12550-60e-avenue_1030x497_EN.jpg\",\"datePublished\":\"2026-07-23T16:24:38+00:00\",\"author\":{\"@id\":\"https:\\\/\\\/www.portesetfenetrespresident.com\\\/en\\\/#\\\/schema\\\/person\\\/ef6b293cf124702395488abbe922caac\"},\"breadcrumb\":{\"@id\":\"https:\\\/\\\/www.portesetfenetrespresident.com\\\/en\\\/nouvelles\\\/sustainable-beauty-a-responsible-choice\\\/#breadcrumb\"},\"inLanguage\":\"en-US\",\"potentialAction\":[{\"@type\":\"ReadAction\",\"target\":[\"https:\\\/\\\/www.portesetfenetrespresident.com\\\/en\\\/nouvelles\\\/sustainable-beauty-a-responsible-choice\\\/\"]}]},{\"@type\":\"ImageObject\",\"inLanguage\":\"en-US\",\"@id\":\"https:\\\/\\\/www.portesetfenetrespresident.com\\\/en\\\/nouvelles\\\/sustainable-beauty-a-responsible-choice\\\/#primaryimage\",\"url\":\"https:\\\/\\\/www.portesetfenetrespresident.com\\\/wp-content\\\/uploads\\\/2024\\\/05\\\/PR_AV_AP_12550-60e-avenue_1030x497_EN.jpg\",\"contentUrl\":\"https:\\\/\\\/www.portesetfenetrespresident.com\\\/wp-content\\\/uploads\\\/2024\\\/05\\\/PR_AV_AP_12550-60e-avenue_1030x497_EN.jpg\"},{\"@type\":\"BreadcrumbList\",\"@id\":\"https:\\\/\\\/www.portesetfenetrespresident.com\\\/en\\\/nouvelles\\\/sustainable-beauty-a-responsible-choice\\\/#breadcrumb\",\"itemListElement\":[{\"@type\":\"ListItem\",\"position\":1,\"name\":\"Accueil\",\"item\":\"https:\\\/\\\/www.portesetfenetrespresident.com\\\/en\\\/\"},{\"@type\":\"ListItem\",\"position\":2,\"name\":\"Sustainable beauty, a responsible choice\"}]},{\"@type\":\"WebSite\",\"@id\":\"https:\\\/\\\/www.portesetfenetrespresident.com\\\/en\\\/#website\",\"url\":\"https:\\\/\\\/www.portesetfenetrespresident.com\\\/en\\\/\",\"name\":\"Portes et fen\u00eatres Pr\u00e9sident\",\"description\":\"La nouvelle g\u00e9n\u00e9ration de portes et fen\u00eatres\",\"potentialAction\":[{\"@type\":\"SearchAction\",\"target\":{\"@type\":\"EntryPoint\",\"urlTemplate\":\"https:\\\/\\\/www.portesetfenetrespresident.com\\\/en\\\/?s={search_term_string}\"},\"query-input\":{\"@type\":\"PropertyValueSpecification\",\"valueRequired\":true,\"valueName\":\"search_term_string\"}}],\"inLanguage\":\"en-US\"},{\"@type\":\"Person\",\"@id\":\"https:\\\/\\\/www.portesetfenetrespresident.com\\\/en\\\/#\\\/schema\\\/person\\\/ef6b293cf124702395488abbe922caac\",\"name\":\"@PresPortFenRedbox\",\"image\":{\"@type\":\"ImageObject\",\"inLanguage\":\"en-US\",\"@id\":\"https:\\\/\\\/secure.gravatar.com\\\/avatar\\\/18f0d3fc7c5dce56638509b6723441b1cb65331321a530da9744c088e8d655ac?s=96&d=mm&r=g\",\"url\":\"https:\\\/\\\/secure.gravatar.com\\\/avatar\\\/18f0d3fc7c5dce56638509b6723441b1cb65331321a530da9744c088e8d655ac?s=96&d=mm&r=g\",\"contentUrl\":\"https:\\\/\\\/secure.gravatar.com\\\/avatar\\\/18f0d3fc7c5dce56638509b6723441b1cb65331321a530da9744c088e8d655ac?s=96&d=mm&r=g\",\"caption\":\"@PresPortFenRedbox\"},\"sameAs\":[\"https:\\\/\\\/www.portesetfenetrespresident.com\"],\"url\":\"https:\\\/\\\/www.portesetfenetrespresident.com\\\/en\\\/nouvelles\\\/author\\\/presportfenredbox\\\/\"}]}<\/script>\n<!-- \/ Yoast SEO plugin. -->","yoast_head_json":{"title":"Sustainable beauty, a responsible choice - Portes et fen\u00eatres Pr\u00e9sident","robots":{"index":"index","follow":"follow","max-snippet":"max-snippet:-1","max-image-preview":"max-image-preview:large","max-video-preview":"max-video-preview:-1"},"canonical":"https:\/\/www.portesetfenetrespresident.com\/en\/nouvelles\/sustainable-beauty-a-responsible-choice\/","og_locale":"en_US","og_type":"article","og_title":"Sustainable beauty, a responsible choice - Portes et fen\u00eatres Pr\u00e9sident","og_description":"In addition to giving her home a fresh look, Claudette from Montreal appreciates the added comfort and energy savings that her investment brings. Hybrid casement windows insulated with PRESIDENT\u2019s ISO-THERMA Technology is an energy-saving choice.","og_url":"https:\/\/www.portesetfenetrespresident.com\/en\/nouvelles\/sustainable-beauty-a-responsible-choice\/","og_site_name":"Portes et fen\u00eatres Pr\u00e9sident","article_published_time":"2026-07-23T16:24:38+00:00","og_image":[{"url":"https:\/\/www.portesetfenetrespresident.com\/wp-content\/uploads\/2024\/05\/PR_AV_AP_12550-60e-avenue_1030x497_EN.jpg","type":"","width":"","height":""}],"author":"@PresPortFenRedbox","twitter_card":"summary_large_image","twitter_misc":{"Written by":"@PresPortFenRedbox","Est. reading time":"3 minutes"},"schema":{"@context":"https:\/\/schema.org","@graph":[{"@type":"Article","@id":"https:\/\/www.portesetfenetrespresident.com\/en\/nouvelles\/sustainable-beauty-a-responsible-choice\/#article","isPartOf":{"@id":"https:\/\/www.portesetfenetrespresident.com\/en\/nouvelles\/sustainable-beauty-a-responsible-choice\/"},"author":{"name":"@PresPortFenRedbox","@id":"https:\/\/www.portesetfenetrespresident.com\/en\/#\/schema\/person\/ef6b293cf124702395488abbe922caac"},"headline":"Sustainable beauty, a responsible choice","datePublished":"2026-07-23T16:24:38+00:00","mainEntityOfPage":{"@id":"https:\/\/www.portesetfenetrespresident.com\/en\/nouvelles\/sustainable-beauty-a-responsible-choice\/"},"wordCount":581,"commentCount":0,"image":{"@id":"https:\/\/www.portesetfenetrespresident.com\/en\/nouvelles\/sustainable-beauty-a-responsible-choice\/#primaryimage"},"thumbnailUrl":"https:\/\/www.portesetfenetrespresident.com\/wp-content\/uploads\/2024\/05\/PR_AV_AP_12550-60e-avenue_1030x497_EN.jpg","inLanguage":"en-US","potentialAction":[{"@type":"CommentAction","name":"Comment","target":["https:\/\/www.portesetfenetrespresident.com\/en\/nouvelles\/sustainable-beauty-a-responsible-choice\/#respond"]}]},{"@type":"WebPage","@id":"https:\/\/www.portesetfenetrespresident.com\/en\/nouvelles\/sustainable-beauty-a-responsible-choice\/","url":"https:\/\/www.portesetfenetrespresident.com\/en\/nouvelles\/sustainable-beauty-a-responsible-choice\/","name":"Sustainable beauty, a responsible choice - Portes et fen\u00eatres Pr\u00e9sident","isPartOf":{"@id":"https:\/\/www.portesetfenetrespresident.com\/en\/#website"},"primaryImageOfPage":{"@id":"https:\/\/www.portesetfenetrespresident.com\/en\/nouvelles\/sustainable-beauty-a-responsible-choice\/#primaryimage"},"image":{"@id":"https:\/\/www.portesetfenetrespresident.com\/en\/nouvelles\/sustainable-beauty-a-responsible-choice\/#primaryimage"},"thumbnailUrl":"https:\/\/www.portesetfenetrespresident.com\/wp-content\/uploads\/2024\/05\/PR_AV_AP_12550-60e-avenue_1030x497_EN.jpg","datePublished":"2026-07-23T16:24:38+00:00","author":{"@id":"https:\/\/www.portesetfenetrespresident.com\/en\/#\/schema\/person\/ef6b293cf124702395488abbe922caac"},"breadcrumb":{"@id":"https:\/\/www.portesetfenetrespresident.com\/en\/nouvelles\/sustainable-beauty-a-responsible-choice\/#breadcrumb"},"inLanguage":"en-US","potentialAction":[{"@type":"ReadAction","target":["https:\/\/www.portesetfenetrespresident.com\/en\/nouvelles\/sustainable-beauty-a-responsible-choice\/"]}]},{"@type":"ImageObject","inLanguage":"en-US","@id":"https:\/\/www.portesetfenetrespresident.com\/en\/nouvelles\/sustainable-beauty-a-responsible-choice\/#primaryimage","url":"https:\/\/www.portesetfenetrespresident.com\/wp-content\/uploads\/2024\/05\/PR_AV_AP_12550-60e-avenue_1030x497_EN.jpg","contentUrl":"https:\/\/www.portesetfenetrespresident.com\/wp-content\/uploads\/2024\/05\/PR_AV_AP_12550-60e-avenue_1030x497_EN.jpg"},{"@type":"BreadcrumbList","@id":"https:\/\/www.portesetfenetrespresident.com\/en\/nouvelles\/sustainable-beauty-a-responsible-choice\/#breadcrumb","itemListElement":[{"@type":"ListItem","position":1,"name":"Accueil","item":"https:\/\/www.portesetfenetrespresident.com\/en\/"},{"@type":"ListItem","position":2,"name":"Sustainable beauty, a responsible choice"}]},{"@type":"WebSite","@id":"https:\/\/www.portesetfenetrespresident.com\/en\/#website","url":"https:\/\/www.portesetfenetrespresident.com\/en\/","name":"Portes et fen\u00eatres Pr\u00e9sident","description":"La nouvelle g\u00e9n\u00e9ration de portes et fen\u00eatres","potentialAction":[{"@type":"SearchAction","target":{"@type":"EntryPoint","urlTemplate":"https:\/\/www.portesetfenetrespresident.com\/en\/?s={search_term_string}"},"query-input":{"@type":"PropertyValueSpecification","valueRequired":true,"valueName":"search_term_string"}}],"inLanguage":"en-US"},{"@type":"Person","@id":"https:\/\/www.portesetfenetrespresident.com\/en\/#\/schema\/person\/ef6b293cf124702395488abbe922caac","name":"@PresPortFenRedbox","image":{"@type":"ImageObject","inLanguage":"en-US","@id":"https:\/\/secure.gravatar.com\/avatar\/18f0d3fc7c5dce56638509b6723441b1cb65331321a530da9744c088e8d655ac?s=96&d=mm&r=g","url":"https:\/\/secure.gravatar.com\/avatar\/18f0d3fc7c5dce56638509b6723441b1cb65331321a530da9744c088e8d655ac?s=96&d=mm&r=g","contentUrl":"https:\/\/secure.gravatar.com\/avatar\/18f0d3fc7c5dce56638509b6723441b1cb65331321a530da9744c088e8d655ac?s=96&d=mm&r=g","caption":"@PresPortFenRedbox"},"sameAs":["https:\/\/www.portesetfenetrespresident.com"],"url":"https:\/\/www.portesetfenetrespresident.com\/en\/nouvelles\/author\/presportfenredbox\/"}]}},"_links":{"self":[{"href":"https:\/\/www.portesetfenetrespresident.com\/en\/wp-json\/wp\/v2\/posts\/1541","targetHints":{"allow":["GET"]}}],"collection":[{"href":"https:\/\/www.portesetfenetrespresident.com\/en\/wp-json\/wp\/v2\/posts"}],"about":[{"href":"https:\/\/www.portesetfenetrespresident.com\/en\/wp-json\/wp\/v2\/types\/post"}],"author":[{"embeddable":true,"href":"https:\/\/www.portesetfenetrespresident.com\/en\/wp-json\/wp\/v2\/users\/1"}],"replies":[{"embeddable":true,"href":"https:\/\/www.portesetfenetrespresident.com\/en\/wp-json\/wp\/v2\/comments?post=1541"}],"version-history":[{"count":0,"href":"https:\/\/www.portesetfenetrespresident.com\/en\/wp-json\/wp\/v2\/posts\/1541\/revisions"}],"wp:attachment":[{"href":"https:\/\/www.portesetfenetrespresident.com\/en\/wp-json\/wp\/v2\/media?parent=1541"}],"wp:term":[{"taxonomy":"category","embeddable":true,"href":"https:\/\/www.portesetfenetrespresident.com\/en\/wp-json\/wp\/v2\/categories?post=1541"},{"taxonomy":"post_tag","embeddable":true,"href":"https:\/\/www.portesetfenetrespresident.com\/en\/wp-json\/wp\/v2\/tags?post=1541"}],"curies":[{"name":"wp","href":"https:\/\/api.w.org\/{rel}","templated":true}]}}