{"id":1533,"date":"2026-07-23T18:24:38","date_gmt":"2026-07-23T16:24:38","guid":{"rendered":"https:\/\/www.portesetfenetrespresident.com\/a-bright-choice-for-your-renovation\/"},"modified":"2026-07-23T18:24:38","modified_gmt":"2026-07-23T16:24:38","slug":"a-bright-choice-for-your-renovation","status":"publish","type":"post","link":"https:\/\/www.portesetfenetrespresident.com\/en\/nouvelles\/a-bright-choice-for-your-renovation\/","title":{"rendered":"From White to Black for a Modernized Duplex"},"content":{"rendered":"<h1><strong>From White to Black for a Modernized<\/strong> <strong>Duplex <\/strong><\/h1>\n<p><img loading=\"lazy\" decoding=\"async\" class=\"alignnone wp-image-7832 size-full\" src=\"https:\/\/www.portesetfenetrespresident.com\/wp-content\/uploads\/2023\/09\/PR_AV_AP_356-85e-avenue_1920x924_EN.jpg\" alt=\"\" width=\"1920\" height=\"924\" \/><\/p>\n<blockquote><p>When I changed my home\u2019s windows and front door, it made all the difference.<br \/>\nGuylaine, Laval<\/p><\/blockquote>\n<p>Laval resident Guylaine came to PRESIDENT to <strong>replace the doors and windows<\/strong> on the main unit of her duplex. She was looking for a reliable, energy-saving product, and above all, a company that could manage the entire project. \u201cI was pleasantly surprised to learn that there was a local manufacturer that made doors and windows of such high quality\u2014and installed them, too!\u201d she said.<\/p>\n<p>When renovating, many homeowners take a \u201cwhile we\u2019re at it\u201d approach. This was the case for Guylaine, who seized the opportunity to revamp her building while staying on budget. \u201cAt first, I just wanted to replace the windows and door. I didn\u2019t really think about changing the look,\u201d she said. \u201cBut when I saw all the options for colours and styles, I said to myself, if I\u2019m going to make a change, why not have it show?\u201d<\/p>\n<p>Professional advice from PRESIDENT led Guylaine to choose <strong><a href=\"https:\/\/www.portesetfenetrespresident.com\/en\/products\/hybrid-configuration-windows\/\">hybrid configuration windows<\/a><\/strong> made from PVC and aluminum, with a white frame inside the house and a black one outside. She opted for a <a href=\"https:\/\/www.portesetfenetrespresident.com\/en\/products\/single-hung-windows\/\"><strong>single-hung<\/strong><\/a> model in a 1\/3\u20132\/3 configuration. This change added a modern effect to Guylaine\u2019s duplex without clashing with the property\u2019s original style. And her new front door with a Nobel stained glass served as a simple but elegant final touch to the decor.<\/p>\n<p><img loading=\"lazy\" decoding=\"async\" class=\"alignnone wp-image-7833 size-full\" src=\"https:\/\/www.portesetfenetrespresident.com\/wp-content\/uploads\/2023\/09\/PR_AV_AP_356-85e-avenue_960x960_EN.jpg\" alt=\"\" width=\"960\" height=\"960\" \/><\/p>\n<p><strong>Advantages of PRESIDENT\u00a0hung windows:<\/strong><\/p>\n<ul>\n<li>Excellent value for money<\/li>\n<li>Classic and customizable style<\/li>\n<li>Practical pivoting fixed panel for easy upkeep<\/li>\n<li>PVC-aluminium hybrid version available<\/li>\n<li>Choice of double or triple glass<\/li>\n<\/ul>\n<p><strong>From our factory to your home<\/strong><\/p>\n<p>As a manufacturer-installer that specializes in home renovation, PRESIDENT Doors and Windows provides full support and unparalleled quality control for window replacement projects. Whether you\u2019re looking to update your home\u2019s look or keep its original style, you\u2019re sure to find the model, colour and glass option you need. You\u2019ll also take advantage of PRESIDENT\u2019s <a href=\"https:\/\/www.portesetfenetrespresident.com\/en\/technology\/\"><strong>exclusive ISO-THERMA Technology insulation process<\/strong><\/a>, which makes our ENERGY STAR<sup>\u00ae<\/sup> products highly energy efficient.<\/p>\n<p>Don\u2019t hesitate to contact us today to discuss your window replacement project by dialling 1\u00a0855\u00a0432-5763 or filling out our <a href=\"https:\/\/www.portesetfenetrespresident.com\/en\/contact-us\/\"><strong>request form<\/strong><\/a> for a FREE in-home estimate appointment.<\/p>\n<hr>\n<h2><span style=\"color: #009cdf;\">ATTENTION! YOUR RENOVATION PROJECT STARTS HERE<\/span><\/h2>\n<p>Thinking about replacing doors or windows? You could be eligible for financial assistance or a government loan.<\/p>\n<h4>M<span style=\"font-size: 16px;\">aximize your funding with R\u00e9noclimat \u2013 Save energy and money!<\/span><\/h4>\n<p>Find out about the R\u00e9noclimat program and discover how to obtain financial assistance for replacing your doors and windows:<\/p>\n<ul>\n<li>Schedule a free appointment with one of our fenestration advisors now by completing our <a href=\"https:\/\/www.portesetfenetrespresident.com\/en\/contact-us\/\">In-Home Appointment Request Form<\/a>.<\/li>\n<li>Or contact us by phone at <a href=\"tel:4506704777\"><span style=\"color: #009cdf;\">450-670-4777<\/span>.<\/a><\/li>\n<li>For more details on the financial assistance from the R\u00e9noclimat program, consult:\u00a0<span style=\"color: #009cdf;\"><a style=\"color: #009cdf;\" href=\"https:\/\/www.quebec.ca\/en\/housing-territory\/heating-energy-consumption\/financial-assistance-retrofits\/renoclimat\">The R\u00e9noclimat financial assistance program<\/a> <\/span>for replacing doors and windows.<\/li>\n<\/ul>\n<script>function getWR360PopupSkin(){return 'light_clean';}<\/script>","protected":false},"excerpt":{"rendered":"<p>Laval resident Guylaine came to PRESIDENT to replace the doors and windows on the main unit of her duplex. She was looking for a reliable, energy-saving product, and above all, a company that could manage the entire project.<\/p>\n","protected":false},"author":1,"featured_media":0,"comment_status":"open","ping_status":"open","sticky":false,"template":"","format":"standard","meta":{"_acf_changed":false,"footnotes":""},"categories":[],"tags":[],"class_list":["post-1533","post","type-post","status-publish","format-standard"],"acf":[],"yoast_head":"<!-- This site is optimized with the Yoast SEO plugin v28.4 - https:\/\/yoast.com\/product\/yoast-seo-wordpress\/ -->\n<title>From White to Black for a Modernized Duplex - Portes et fen\u00eatres Pr\u00e9sident<\/title>\n<meta name=\"robots\" content=\"index, follow, max-snippet:-1, max-image-preview:large, max-video-preview:-1\" \/>\n<link rel=\"canonical\" href=\"https:\/\/www.portesetfenetrespresident.com\/en\/nouvelles\/a-bright-choice-for-your-renovation\/\" \/>\n<meta property=\"og:locale\" content=\"en_US\" \/>\n<meta property=\"og:type\" content=\"article\" \/>\n<meta property=\"og:title\" content=\"From White to Black for a Modernized Duplex - Portes et fen\u00eatres Pr\u00e9sident\" \/>\n<meta property=\"og:description\" content=\"Laval resident Guylaine came to PRESIDENT to replace the doors and windows on the main unit of her duplex. She was looking for a reliable, energy-saving product, and above all, a company that could manage the entire project.\" \/>\n<meta property=\"og:url\" content=\"https:\/\/www.portesetfenetrespresident.com\/en\/nouvelles\/a-bright-choice-for-your-renovation\/\" \/>\n<meta property=\"og:site_name\" content=\"Portes et fen\u00eatres Pr\u00e9sident\" \/>\n<meta property=\"article:published_time\" content=\"2026-07-23T16:24:38+00:00\" \/>\n<meta property=\"og:image\" content=\"https:\/\/www.portesetfenetrespresident.com\/wp-content\/uploads\/2023\/09\/PR_AV_AP_356-85e-avenue_1920x924_EN.jpg\" \/>\n<meta name=\"author\" content=\"@PresPortFenRedbox\" \/>\n<meta name=\"twitter:card\" content=\"summary_large_image\" \/>\n<meta name=\"twitter:label1\" content=\"Written by\" \/>\n\t<meta name=\"twitter:data1\" content=\"@PresPortFenRedbox\" \/>\n\t<meta name=\"twitter:label2\" content=\"Est. reading time\" \/>\n\t<meta name=\"twitter:data2\" content=\"3 minutes\" \/>\n<script type=\"application\/ld+json\" class=\"yoast-schema-graph\">{\"@context\":\"https:\\\/\\\/schema.org\",\"@graph\":[{\"@type\":\"Article\",\"@id\":\"https:\\\/\\\/www.portesetfenetrespresident.com\\\/en\\\/nouvelles\\\/a-bright-choice-for-your-renovation\\\/#article\",\"isPartOf\":{\"@id\":\"https:\\\/\\\/www.portesetfenetrespresident.com\\\/en\\\/nouvelles\\\/a-bright-choice-for-your-renovation\\\/\"},\"author\":{\"name\":\"@PresPortFenRedbox\",\"@id\":\"https:\\\/\\\/www.portesetfenetrespresident.com\\\/en\\\/#\\\/schema\\\/person\\\/ef6b293cf124702395488abbe922caac\"},\"headline\":\"From White to Black for a Modernized Duplex\",\"datePublished\":\"2026-07-23T16:24:38+00:00\",\"mainEntityOfPage\":{\"@id\":\"https:\\\/\\\/www.portesetfenetrespresident.com\\\/en\\\/nouvelles\\\/a-bright-choice-for-your-renovation\\\/\"},\"wordCount\":577,\"commentCount\":0,\"image\":{\"@id\":\"https:\\\/\\\/www.portesetfenetrespresident.com\\\/en\\\/nouvelles\\\/a-bright-choice-for-your-renovation\\\/#primaryimage\"},\"thumbnailUrl\":\"https:\\\/\\\/www.portesetfenetrespresident.com\\\/wp-content\\\/uploads\\\/2023\\\/09\\\/PR_AV_AP_356-85e-avenue_1920x924_EN.jpg\",\"inLanguage\":\"en-US\",\"potentialAction\":[{\"@type\":\"CommentAction\",\"name\":\"Comment\",\"target\":[\"https:\\\/\\\/www.portesetfenetrespresident.com\\\/en\\\/nouvelles\\\/a-bright-choice-for-your-renovation\\\/#respond\"]}]},{\"@type\":\"WebPage\",\"@id\":\"https:\\\/\\\/www.portesetfenetrespresident.com\\\/en\\\/nouvelles\\\/a-bright-choice-for-your-renovation\\\/\",\"url\":\"https:\\\/\\\/www.portesetfenetrespresident.com\\\/en\\\/nouvelles\\\/a-bright-choice-for-your-renovation\\\/\",\"name\":\"From White to Black for a Modernized Duplex - Portes et fen\u00eatres Pr\u00e9sident\",\"isPartOf\":{\"@id\":\"https:\\\/\\\/www.portesetfenetrespresident.com\\\/en\\\/#website\"},\"primaryImageOfPage\":{\"@id\":\"https:\\\/\\\/www.portesetfenetrespresident.com\\\/en\\\/nouvelles\\\/a-bright-choice-for-your-renovation\\\/#primaryimage\"},\"image\":{\"@id\":\"https:\\\/\\\/www.portesetfenetrespresident.com\\\/en\\\/nouvelles\\\/a-bright-choice-for-your-renovation\\\/#primaryimage\"},\"thumbnailUrl\":\"https:\\\/\\\/www.portesetfenetrespresident.com\\\/wp-content\\\/uploads\\\/2023\\\/09\\\/PR_AV_AP_356-85e-avenue_1920x924_EN.jpg\",\"datePublished\":\"2026-07-23T16:24:38+00:00\",\"author\":{\"@id\":\"https:\\\/\\\/www.portesetfenetrespresident.com\\\/en\\\/#\\\/schema\\\/person\\\/ef6b293cf124702395488abbe922caac\"},\"breadcrumb\":{\"@id\":\"https:\\\/\\\/www.portesetfenetrespresident.com\\\/en\\\/nouvelles\\\/a-bright-choice-for-your-renovation\\\/#breadcrumb\"},\"inLanguage\":\"en-US\",\"potentialAction\":[{\"@type\":\"ReadAction\",\"target\":[\"https:\\\/\\\/www.portesetfenetrespresident.com\\\/en\\\/nouvelles\\\/a-bright-choice-for-your-renovation\\\/\"]}]},{\"@type\":\"ImageObject\",\"inLanguage\":\"en-US\",\"@id\":\"https:\\\/\\\/www.portesetfenetrespresident.com\\\/en\\\/nouvelles\\\/a-bright-choice-for-your-renovation\\\/#primaryimage\",\"url\":\"https:\\\/\\\/www.portesetfenetrespresident.com\\\/wp-content\\\/uploads\\\/2023\\\/09\\\/PR_AV_AP_356-85e-avenue_1920x924_EN.jpg\",\"contentUrl\":\"https:\\\/\\\/www.portesetfenetrespresident.com\\\/wp-content\\\/uploads\\\/2023\\\/09\\\/PR_AV_AP_356-85e-avenue_1920x924_EN.jpg\"},{\"@type\":\"BreadcrumbList\",\"@id\":\"https:\\\/\\\/www.portesetfenetrespresident.com\\\/en\\\/nouvelles\\\/a-bright-choice-for-your-renovation\\\/#breadcrumb\",\"itemListElement\":[{\"@type\":\"ListItem\",\"position\":1,\"name\":\"Accueil\",\"item\":\"https:\\\/\\\/www.portesetfenetrespresident.com\\\/en\\\/\"},{\"@type\":\"ListItem\",\"position\":2,\"name\":\"From White to Black for a Modernized Duplex\"}]},{\"@type\":\"WebSite\",\"@id\":\"https:\\\/\\\/www.portesetfenetrespresident.com\\\/en\\\/#website\",\"url\":\"https:\\\/\\\/www.portesetfenetrespresident.com\\\/en\\\/\",\"name\":\"Portes et fen\u00eatres Pr\u00e9sident\",\"description\":\"La nouvelle g\u00e9n\u00e9ration de portes et fen\u00eatres\",\"potentialAction\":[{\"@type\":\"SearchAction\",\"target\":{\"@type\":\"EntryPoint\",\"urlTemplate\":\"https:\\\/\\\/www.portesetfenetrespresident.com\\\/en\\\/?s={search_term_string}\"},\"query-input\":{\"@type\":\"PropertyValueSpecification\",\"valueRequired\":true,\"valueName\":\"search_term_string\"}}],\"inLanguage\":\"en-US\"},{\"@type\":\"Person\",\"@id\":\"https:\\\/\\\/www.portesetfenetrespresident.com\\\/en\\\/#\\\/schema\\\/person\\\/ef6b293cf124702395488abbe922caac\",\"name\":\"@PresPortFenRedbox\",\"image\":{\"@type\":\"ImageObject\",\"inLanguage\":\"en-US\",\"@id\":\"https:\\\/\\\/secure.gravatar.com\\\/avatar\\\/18f0d3fc7c5dce56638509b6723441b1cb65331321a530da9744c088e8d655ac?s=96&d=mm&r=g\",\"url\":\"https:\\\/\\\/secure.gravatar.com\\\/avatar\\\/18f0d3fc7c5dce56638509b6723441b1cb65331321a530da9744c088e8d655ac?s=96&d=mm&r=g\",\"contentUrl\":\"https:\\\/\\\/secure.gravatar.com\\\/avatar\\\/18f0d3fc7c5dce56638509b6723441b1cb65331321a530da9744c088e8d655ac?s=96&d=mm&r=g\",\"caption\":\"@PresPortFenRedbox\"},\"sameAs\":[\"https:\\\/\\\/www.portesetfenetrespresident.com\"],\"url\":\"https:\\\/\\\/www.portesetfenetrespresident.com\\\/en\\\/nouvelles\\\/author\\\/presportfenredbox\\\/\"}]}<\/script>\n<!-- \/ Yoast SEO plugin. -->","yoast_head_json":{"title":"From White to Black for a Modernized Duplex - Portes et fen\u00eatres Pr\u00e9sident","robots":{"index":"index","follow":"follow","max-snippet":"max-snippet:-1","max-image-preview":"max-image-preview:large","max-video-preview":"max-video-preview:-1"},"canonical":"https:\/\/www.portesetfenetrespresident.com\/en\/nouvelles\/a-bright-choice-for-your-renovation\/","og_locale":"en_US","og_type":"article","og_title":"From White to Black for a Modernized Duplex - Portes et fen\u00eatres Pr\u00e9sident","og_description":"Laval resident Guylaine came to PRESIDENT to replace the doors and windows on the main unit of her duplex. She was looking for a reliable, energy-saving product, and above all, a company that could manage the entire project.","og_url":"https:\/\/www.portesetfenetrespresident.com\/en\/nouvelles\/a-bright-choice-for-your-renovation\/","og_site_name":"Portes et fen\u00eatres Pr\u00e9sident","article_published_time":"2026-07-23T16:24:38+00:00","og_image":[{"url":"https:\/\/www.portesetfenetrespresident.com\/wp-content\/uploads\/2023\/09\/PR_AV_AP_356-85e-avenue_1920x924_EN.jpg","type":"","width":"","height":""}],"author":"@PresPortFenRedbox","twitter_card":"summary_large_image","twitter_misc":{"Written by":"@PresPortFenRedbox","Est. reading time":"3 minutes"},"schema":{"@context":"https:\/\/schema.org","@graph":[{"@type":"Article","@id":"https:\/\/www.portesetfenetrespresident.com\/en\/nouvelles\/a-bright-choice-for-your-renovation\/#article","isPartOf":{"@id":"https:\/\/www.portesetfenetrespresident.com\/en\/nouvelles\/a-bright-choice-for-your-renovation\/"},"author":{"name":"@PresPortFenRedbox","@id":"https:\/\/www.portesetfenetrespresident.com\/en\/#\/schema\/person\/ef6b293cf124702395488abbe922caac"},"headline":"From White to Black for a Modernized Duplex","datePublished":"2026-07-23T16:24:38+00:00","mainEntityOfPage":{"@id":"https:\/\/www.portesetfenetrespresident.com\/en\/nouvelles\/a-bright-choice-for-your-renovation\/"},"wordCount":577,"commentCount":0,"image":{"@id":"https:\/\/www.portesetfenetrespresident.com\/en\/nouvelles\/a-bright-choice-for-your-renovation\/#primaryimage"},"thumbnailUrl":"https:\/\/www.portesetfenetrespresident.com\/wp-content\/uploads\/2023\/09\/PR_AV_AP_356-85e-avenue_1920x924_EN.jpg","inLanguage":"en-US","potentialAction":[{"@type":"CommentAction","name":"Comment","target":["https:\/\/www.portesetfenetrespresident.com\/en\/nouvelles\/a-bright-choice-for-your-renovation\/#respond"]}]},{"@type":"WebPage","@id":"https:\/\/www.portesetfenetrespresident.com\/en\/nouvelles\/a-bright-choice-for-your-renovation\/","url":"https:\/\/www.portesetfenetrespresident.com\/en\/nouvelles\/a-bright-choice-for-your-renovation\/","name":"From White to Black for a Modernized Duplex - Portes et fen\u00eatres Pr\u00e9sident","isPartOf":{"@id":"https:\/\/www.portesetfenetrespresident.com\/en\/#website"},"primaryImageOfPage":{"@id":"https:\/\/www.portesetfenetrespresident.com\/en\/nouvelles\/a-bright-choice-for-your-renovation\/#primaryimage"},"image":{"@id":"https:\/\/www.portesetfenetrespresident.com\/en\/nouvelles\/a-bright-choice-for-your-renovation\/#primaryimage"},"thumbnailUrl":"https:\/\/www.portesetfenetrespresident.com\/wp-content\/uploads\/2023\/09\/PR_AV_AP_356-85e-avenue_1920x924_EN.jpg","datePublished":"2026-07-23T16:24:38+00:00","author":{"@id":"https:\/\/www.portesetfenetrespresident.com\/en\/#\/schema\/person\/ef6b293cf124702395488abbe922caac"},"breadcrumb":{"@id":"https:\/\/www.portesetfenetrespresident.com\/en\/nouvelles\/a-bright-choice-for-your-renovation\/#breadcrumb"},"inLanguage":"en-US","potentialAction":[{"@type":"ReadAction","target":["https:\/\/www.portesetfenetrespresident.com\/en\/nouvelles\/a-bright-choice-for-your-renovation\/"]}]},{"@type":"ImageObject","inLanguage":"en-US","@id":"https:\/\/www.portesetfenetrespresident.com\/en\/nouvelles\/a-bright-choice-for-your-renovation\/#primaryimage","url":"https:\/\/www.portesetfenetrespresident.com\/wp-content\/uploads\/2023\/09\/PR_AV_AP_356-85e-avenue_1920x924_EN.jpg","contentUrl":"https:\/\/www.portesetfenetrespresident.com\/wp-content\/uploads\/2023\/09\/PR_AV_AP_356-85e-avenue_1920x924_EN.jpg"},{"@type":"BreadcrumbList","@id":"https:\/\/www.portesetfenetrespresident.com\/en\/nouvelles\/a-bright-choice-for-your-renovation\/#breadcrumb","itemListElement":[{"@type":"ListItem","position":1,"name":"Accueil","item":"https:\/\/www.portesetfenetrespresident.com\/en\/"},{"@type":"ListItem","position":2,"name":"From White to Black for a Modernized Duplex"}]},{"@type":"WebSite","@id":"https:\/\/www.portesetfenetrespresident.com\/en\/#website","url":"https:\/\/www.portesetfenetrespresident.com\/en\/","name":"Portes et fen\u00eatres Pr\u00e9sident","description":"La nouvelle g\u00e9n\u00e9ration de portes et fen\u00eatres","potentialAction":[{"@type":"SearchAction","target":{"@type":"EntryPoint","urlTemplate":"https:\/\/www.portesetfenetrespresident.com\/en\/?s={search_term_string}"},"query-input":{"@type":"PropertyValueSpecification","valueRequired":true,"valueName":"search_term_string"}}],"inLanguage":"en-US"},{"@type":"Person","@id":"https:\/\/www.portesetfenetrespresident.com\/en\/#\/schema\/person\/ef6b293cf124702395488abbe922caac","name":"@PresPortFenRedbox","image":{"@type":"ImageObject","inLanguage":"en-US","@id":"https:\/\/secure.gravatar.com\/avatar\/18f0d3fc7c5dce56638509b6723441b1cb65331321a530da9744c088e8d655ac?s=96&d=mm&r=g","url":"https:\/\/secure.gravatar.com\/avatar\/18f0d3fc7c5dce56638509b6723441b1cb65331321a530da9744c088e8d655ac?s=96&d=mm&r=g","contentUrl":"https:\/\/secure.gravatar.com\/avatar\/18f0d3fc7c5dce56638509b6723441b1cb65331321a530da9744c088e8d655ac?s=96&d=mm&r=g","caption":"@PresPortFenRedbox"},"sameAs":["https:\/\/www.portesetfenetrespresident.com"],"url":"https:\/\/www.portesetfenetrespresident.com\/en\/nouvelles\/author\/presportfenredbox\/"}]}},"_links":{"self":[{"href":"https:\/\/www.portesetfenetrespresident.com\/en\/wp-json\/wp\/v2\/posts\/1533","targetHints":{"allow":["GET"]}}],"collection":[{"href":"https:\/\/www.portesetfenetrespresident.com\/en\/wp-json\/wp\/v2\/posts"}],"about":[{"href":"https:\/\/www.portesetfenetrespresident.com\/en\/wp-json\/wp\/v2\/types\/post"}],"author":[{"embeddable":true,"href":"https:\/\/www.portesetfenetrespresident.com\/en\/wp-json\/wp\/v2\/users\/1"}],"replies":[{"embeddable":true,"href":"https:\/\/www.portesetfenetrespresident.com\/en\/wp-json\/wp\/v2\/comments?post=1533"}],"version-history":[{"count":0,"href":"https:\/\/www.portesetfenetrespresident.com\/en\/wp-json\/wp\/v2\/posts\/1533\/revisions"}],"wp:attachment":[{"href":"https:\/\/www.portesetfenetrespresident.com\/en\/wp-json\/wp\/v2\/media?parent=1533"}],"wp:term":[{"taxonomy":"category","embeddable":true,"href":"https:\/\/www.portesetfenetrespresident.com\/en\/wp-json\/wp\/v2\/categories?post=1533"},{"taxonomy":"post_tag","embeddable":true,"href":"https:\/\/www.portesetfenetrespresident.com\/en\/wp-json\/wp\/v2\/tags?post=1533"}],"curies":[{"name":"wp","href":"https:\/\/api.w.org\/{rel}","templated":true}]}}