{"id":1528,"date":"2026-07-23T18:24:28","date_gmt":"2026-07-23T16:24:28","guid":{"rendered":"https:\/\/www.portesetfenetrespresident.com\/inspirations-let-the-sunshine-in\/"},"modified":"2026-07-23T18:24:28","modified_gmt":"2026-07-23T16:24:28","slug":"inspirations-let-the-sunshine-in","status":"publish","type":"post","link":"https:\/\/www.portesetfenetrespresident.com\/en\/nouvelles\/inspirations-let-the-sunshine-in\/","title":{"rendered":"Let the Sunshine In"},"content":{"rendered":"<h1>Let the Sunshine In<\/h1>\n<p><img loading=\"lazy\" decoding=\"async\" class=\"alignnone wp-image-6789 size-full\" src=\"https:\/\/www.portesetfenetrespresident.com\/wp-content\/uploads\/2023\/01\/PR_5920-Martel_1030x497_EN-1-1.jpg\" alt=\"CASEMENT WINDOWS - energy efficiency and aesthetics \" width=\"1030\" height=\"497\" \/><\/p>\n<p><strong>Let the Sunshine In<\/strong><\/p>\n<p><strong>\u00a0<\/strong><\/p>\n<p>Martin and Genevi\u00e8ve from Saint-Hubert wanted to get more natural light inside of their semi-detached house. At the same time, they wanted to change the look of their home by giving it a more contemporary style, while complying with the Egress standard for emergency exits in the event of a fire.<\/p>\n<p>Before, the living room window configuration had too many divisions, which affected the brightness in the room. In addition, the awning window, located in the basement bedroom, did not meet current building code standards.<\/p>\n<p>At the same time, the owners wanted to replace their front door, since it no longer offered the energy efficiency they sought. Their priority was to find a local company, offering the possibility of manufacturing and installing products according to the standards in place. They contacted us to replace their front door and their front windows.<\/p>\n<p>In accordance with the identified needs, our door and window advisor offered a personalized solution. We suggested replacing the current PVC window in the living room with a beautiful 1\/3, 2\/3 type <strong><a href=\"\/en\/windows\/casement-windows\/\">casement window<\/a>.<\/strong> This alternative solution provides the desired style and increases illumination in the room. To give a more current and richer look to the family residence, our advisor recommended that all their windows be in a charcoal-colored hybrid version.<\/p>\n<p>The awning window in the basement bedroom was unsafe, due to its limited opening range, so our advisor suggested opting for a <a href=\"\/en\/windows\/single-sliding-windows\/\"><strong>simple sliding window<\/strong><\/a>.<\/p>\n<p>In addition, the front door assorted with a matching color Kira stained glass harmonizes perfectly with the windows. Our <a href=\"\/en\/doors\/steel-entry-doors\/\"><strong>steel entry door<\/strong><\/a> offers strength, durability, and elegance.<\/p>\n<p>PRESIDENT windows, insulated with our ISO-THERMA Technology, enhance the appearance of your property, provide better comfort, and save energy. All this, including the possibility of benefiting from the <strong>Canada Greener Homes Grant Program<\/strong><strong>.<\/strong><\/p>\n<p>Products used for this project:<\/p>\n<ul>\n<li>Hybrid casement windows with ISO-THERMA Technology<\/li>\n<li>Single hybrid sliding windows with ISO-THERMA Technology<\/li>\n<li>Uno steel door, painted charcoal with threshold and ball bearing hinges<\/li>\n<li>Kira doorglass 22&#8221; x 64&#8221;<\/li>\n<li>Square deadbolt and square matte black Halifax lever<\/li>\n<\/ul>\n<p><img loading=\"lazy\" decoding=\"async\" class=\"alignnone wp-image-6787 size-full\" src=\"https:\/\/www.portesetfenetrespresident.com\/wp-content\/uploads\/2023\/01\/PR_5920-Martel_960x960_EN-1.jpg\" alt=\"Casement windows\" width=\"960\" height=\"960\" \/><\/p>\n<p><span style=\"font-weight: 400;\">From our factory to your home<\/span><\/p>\n<p><span style=\"font-weight: 400;\">PRESIDENT Doors and windows distinguishes itself by being a <\/span><b>\u201c<a href=\"https:\/\/www.portesetfenetrespresident.com\/en\/company\/\">MANUFACTURER-INSTALLER<\/a>\u201d<\/b><span style=\"font-weight: 400;\">. Therefore, we can control the entire process of replacing your windows, with the manufacturing from our factory in Longueuil to the installation to your home.<\/span><\/p>\n<p><span style=\"font-weight: 400;\">Do not hesitate to contact us today to discuss your window replacement project by calling 1-855-670-4777 or by\u00a0<strong><a href=\"https:\/\/www.portesetfenetrespresident.com\/en\/contact-us\/\">completing our free home consultation request form.<\/a><\/strong><\/span><\/p>\n<hr>\n<h2><span style=\"color: #009cdf;\">ATTENTION! YOUR RENOVATION PROJECT STARTS HERE<\/span><\/h2>\n<p>Thinking about replacing doors or windows? You could be eligible for financial assistance or a government loan.<\/p>\n<h4>M<span style=\"font-size: 16px;\">aximize your funding with R\u00e9noclimat \u2013 Save energy and money!<\/span><\/h4>\n<p>Find out about the R\u00e9noclimat program and discover how to obtain financial assistance for replacing your doors and windows:<\/p>\n<ul>\n<li>Schedule a free appointment with one of our fenestration advisors now by completing our <a href=\"https:\/\/www.portesetfenetrespresident.com\/en\/contact-us\/\">In-Home Appointment Request Form<\/a>.<\/li>\n<li>Or contact us by phone at <a href=\"tel:4506704777\"><span style=\"color: #009cdf;\">450-670-4777<\/span>.<\/a><\/li>\n<li>For more details on the financial assistance from the R\u00e9noclimat program, consult:\u00a0<span style=\"color: #009cdf;\"><a style=\"color: #009cdf;\" href=\"https:\/\/www.quebec.ca\/en\/housing-territory\/heating-energy-consumption\/financial-assistance-retrofits\/renoclimat\">The R\u00e9noclimat financial assistance program<\/a> <\/span>for replacing doors and windows.<\/li>\n<\/ul>\n<script>function getWR360PopupSkin(){return 'light_clean';}<\/script>","protected":false},"excerpt":{"rendered":"<p>Martin and Genevi\u00e8ve from Saint-Hubert wanted to get more natural light inside of their semi-detached house. At the same time, they wanted to change the look of their home by giving it a more contemporary style, while complying with the Egress standard for emergency exits in the event of a fire.<\/p>\n","protected":false},"author":1,"featured_media":0,"comment_status":"open","ping_status":"open","sticky":false,"template":"","format":"standard","meta":{"_acf_changed":false,"footnotes":""},"categories":[],"tags":[],"class_list":["post-1528","post","type-post","status-publish","format-standard"],"acf":[],"yoast_head":"<!-- This site is optimized with the Yoast SEO plugin v28.4 - https:\/\/yoast.com\/product\/yoast-seo-wordpress\/ -->\n<title>Let the Sunshine In - Portes et fen\u00eatres Pr\u00e9sident<\/title>\n<meta name=\"robots\" content=\"index, follow, max-snippet:-1, max-image-preview:large, max-video-preview:-1\" \/>\n<link rel=\"canonical\" href=\"https:\/\/www.portesetfenetrespresident.com\/en\/nouvelles\/inspirations-let-the-sunshine-in\/\" \/>\n<meta property=\"og:locale\" content=\"en_US\" \/>\n<meta property=\"og:type\" content=\"article\" \/>\n<meta property=\"og:title\" content=\"Let the Sunshine In - Portes et fen\u00eatres Pr\u00e9sident\" \/>\n<meta property=\"og:description\" content=\"Martin and Genevi\u00e8ve from Saint-Hubert wanted to get more natural light inside of their semi-detached house. At the same time, they wanted to change the look of their home by giving it a more contemporary style, while complying with the Egress standard for emergency exits in the event of a fire.\" \/>\n<meta property=\"og:url\" content=\"https:\/\/www.portesetfenetrespresident.com\/en\/nouvelles\/inspirations-let-the-sunshine-in\/\" \/>\n<meta property=\"og:site_name\" content=\"Portes et fen\u00eatres Pr\u00e9sident\" \/>\n<meta property=\"article:published_time\" content=\"2026-07-23T16:24:28+00:00\" \/>\n<meta property=\"og:image\" content=\"https:\/\/www.portesetfenetrespresident.com\/wp-content\/uploads\/2023\/01\/PR_5920-Martel_1030x497_EN-1-1.jpg\" \/>\n<meta name=\"author\" content=\"@PresPortFenRedbox\" \/>\n<meta name=\"twitter:card\" content=\"summary_large_image\" \/>\n<meta name=\"twitter:label1\" content=\"Written by\" \/>\n\t<meta name=\"twitter:data1\" content=\"@PresPortFenRedbox\" \/>\n\t<meta name=\"twitter:label2\" content=\"Est. reading time\" \/>\n\t<meta name=\"twitter:data2\" content=\"3 minutes\" \/>\n<script type=\"application\/ld+json\" class=\"yoast-schema-graph\">{\"@context\":\"https:\\\/\\\/schema.org\",\"@graph\":[{\"@type\":\"Article\",\"@id\":\"https:\\\/\\\/www.portesetfenetrespresident.com\\\/en\\\/nouvelles\\\/inspirations-let-the-sunshine-in\\\/#article\",\"isPartOf\":{\"@id\":\"https:\\\/\\\/www.portesetfenetrespresident.com\\\/en\\\/nouvelles\\\/inspirations-let-the-sunshine-in\\\/\"},\"author\":{\"name\":\"@PresPortFenRedbox\",\"@id\":\"https:\\\/\\\/www.portesetfenetrespresident.com\\\/en\\\/#\\\/schema\\\/person\\\/ef6b293cf124702395488abbe922caac\"},\"headline\":\"Let the Sunshine In\",\"datePublished\":\"2026-07-23T16:24:28+00:00\",\"mainEntityOfPage\":{\"@id\":\"https:\\\/\\\/www.portesetfenetrespresident.com\\\/en\\\/nouvelles\\\/inspirations-let-the-sunshine-in\\\/\"},\"wordCount\":603,\"commentCount\":0,\"image\":{\"@id\":\"https:\\\/\\\/www.portesetfenetrespresident.com\\\/en\\\/nouvelles\\\/inspirations-let-the-sunshine-in\\\/#primaryimage\"},\"thumbnailUrl\":\"https:\\\/\\\/www.portesetfenetrespresident.com\\\/wp-content\\\/uploads\\\/2023\\\/01\\\/PR_5920-Martel_1030x497_EN-1-1.jpg\",\"inLanguage\":\"en-US\",\"potentialAction\":[{\"@type\":\"CommentAction\",\"name\":\"Comment\",\"target\":[\"https:\\\/\\\/www.portesetfenetrespresident.com\\\/en\\\/nouvelles\\\/inspirations-let-the-sunshine-in\\\/#respond\"]}]},{\"@type\":\"WebPage\",\"@id\":\"https:\\\/\\\/www.portesetfenetrespresident.com\\\/en\\\/nouvelles\\\/inspirations-let-the-sunshine-in\\\/\",\"url\":\"https:\\\/\\\/www.portesetfenetrespresident.com\\\/en\\\/nouvelles\\\/inspirations-let-the-sunshine-in\\\/\",\"name\":\"Let the Sunshine In - Portes et fen\u00eatres Pr\u00e9sident\",\"isPartOf\":{\"@id\":\"https:\\\/\\\/www.portesetfenetrespresident.com\\\/en\\\/#website\"},\"primaryImageOfPage\":{\"@id\":\"https:\\\/\\\/www.portesetfenetrespresident.com\\\/en\\\/nouvelles\\\/inspirations-let-the-sunshine-in\\\/#primaryimage\"},\"image\":{\"@id\":\"https:\\\/\\\/www.portesetfenetrespresident.com\\\/en\\\/nouvelles\\\/inspirations-let-the-sunshine-in\\\/#primaryimage\"},\"thumbnailUrl\":\"https:\\\/\\\/www.portesetfenetrespresident.com\\\/wp-content\\\/uploads\\\/2023\\\/01\\\/PR_5920-Martel_1030x497_EN-1-1.jpg\",\"datePublished\":\"2026-07-23T16:24:28+00:00\",\"author\":{\"@id\":\"https:\\\/\\\/www.portesetfenetrespresident.com\\\/en\\\/#\\\/schema\\\/person\\\/ef6b293cf124702395488abbe922caac\"},\"breadcrumb\":{\"@id\":\"https:\\\/\\\/www.portesetfenetrespresident.com\\\/en\\\/nouvelles\\\/inspirations-let-the-sunshine-in\\\/#breadcrumb\"},\"inLanguage\":\"en-US\",\"potentialAction\":[{\"@type\":\"ReadAction\",\"target\":[\"https:\\\/\\\/www.portesetfenetrespresident.com\\\/en\\\/nouvelles\\\/inspirations-let-the-sunshine-in\\\/\"]}]},{\"@type\":\"ImageObject\",\"inLanguage\":\"en-US\",\"@id\":\"https:\\\/\\\/www.portesetfenetrespresident.com\\\/en\\\/nouvelles\\\/inspirations-let-the-sunshine-in\\\/#primaryimage\",\"url\":\"https:\\\/\\\/www.portesetfenetrespresident.com\\\/wp-content\\\/uploads\\\/2023\\\/01\\\/PR_5920-Martel_1030x497_EN-1-1.jpg\",\"contentUrl\":\"https:\\\/\\\/www.portesetfenetrespresident.com\\\/wp-content\\\/uploads\\\/2023\\\/01\\\/PR_5920-Martel_1030x497_EN-1-1.jpg\"},{\"@type\":\"BreadcrumbList\",\"@id\":\"https:\\\/\\\/www.portesetfenetrespresident.com\\\/en\\\/nouvelles\\\/inspirations-let-the-sunshine-in\\\/#breadcrumb\",\"itemListElement\":[{\"@type\":\"ListItem\",\"position\":1,\"name\":\"Accueil\",\"item\":\"https:\\\/\\\/www.portesetfenetrespresident.com\\\/en\\\/\"},{\"@type\":\"ListItem\",\"position\":2,\"name\":\"Let the Sunshine In\"}]},{\"@type\":\"WebSite\",\"@id\":\"https:\\\/\\\/www.portesetfenetrespresident.com\\\/en\\\/#website\",\"url\":\"https:\\\/\\\/www.portesetfenetrespresident.com\\\/en\\\/\",\"name\":\"Portes et fen\u00eatres Pr\u00e9sident\",\"description\":\"La nouvelle g\u00e9n\u00e9ration de portes et fen\u00eatres\",\"potentialAction\":[{\"@type\":\"SearchAction\",\"target\":{\"@type\":\"EntryPoint\",\"urlTemplate\":\"https:\\\/\\\/www.portesetfenetrespresident.com\\\/en\\\/?s={search_term_string}\"},\"query-input\":{\"@type\":\"PropertyValueSpecification\",\"valueRequired\":true,\"valueName\":\"search_term_string\"}}],\"inLanguage\":\"en-US\"},{\"@type\":\"Person\",\"@id\":\"https:\\\/\\\/www.portesetfenetrespresident.com\\\/en\\\/#\\\/schema\\\/person\\\/ef6b293cf124702395488abbe922caac\",\"name\":\"@PresPortFenRedbox\",\"image\":{\"@type\":\"ImageObject\",\"inLanguage\":\"en-US\",\"@id\":\"https:\\\/\\\/secure.gravatar.com\\\/avatar\\\/18f0d3fc7c5dce56638509b6723441b1cb65331321a530da9744c088e8d655ac?s=96&d=mm&r=g\",\"url\":\"https:\\\/\\\/secure.gravatar.com\\\/avatar\\\/18f0d3fc7c5dce56638509b6723441b1cb65331321a530da9744c088e8d655ac?s=96&d=mm&r=g\",\"contentUrl\":\"https:\\\/\\\/secure.gravatar.com\\\/avatar\\\/18f0d3fc7c5dce56638509b6723441b1cb65331321a530da9744c088e8d655ac?s=96&d=mm&r=g\",\"caption\":\"@PresPortFenRedbox\"},\"sameAs\":[\"https:\\\/\\\/www.portesetfenetrespresident.com\"],\"url\":\"https:\\\/\\\/www.portesetfenetrespresident.com\\\/en\\\/nouvelles\\\/author\\\/presportfenredbox\\\/\"}]}<\/script>\n<!-- \/ Yoast SEO plugin. -->","yoast_head_json":{"title":"Let the Sunshine In - Portes et fen\u00eatres Pr\u00e9sident","robots":{"index":"index","follow":"follow","max-snippet":"max-snippet:-1","max-image-preview":"max-image-preview:large","max-video-preview":"max-video-preview:-1"},"canonical":"https:\/\/www.portesetfenetrespresident.com\/en\/nouvelles\/inspirations-let-the-sunshine-in\/","og_locale":"en_US","og_type":"article","og_title":"Let the Sunshine In - Portes et fen\u00eatres Pr\u00e9sident","og_description":"Martin and Genevi\u00e8ve from Saint-Hubert wanted to get more natural light inside of their semi-detached house. At the same time, they wanted to change the look of their home by giving it a more contemporary style, while complying with the Egress standard for emergency exits in the event of a fire.","og_url":"https:\/\/www.portesetfenetrespresident.com\/en\/nouvelles\/inspirations-let-the-sunshine-in\/","og_site_name":"Portes et fen\u00eatres Pr\u00e9sident","article_published_time":"2026-07-23T16:24:28+00:00","og_image":[{"url":"https:\/\/www.portesetfenetrespresident.com\/wp-content\/uploads\/2023\/01\/PR_5920-Martel_1030x497_EN-1-1.jpg","type":"","width":"","height":""}],"author":"@PresPortFenRedbox","twitter_card":"summary_large_image","twitter_misc":{"Written by":"@PresPortFenRedbox","Est. reading time":"3 minutes"},"schema":{"@context":"https:\/\/schema.org","@graph":[{"@type":"Article","@id":"https:\/\/www.portesetfenetrespresident.com\/en\/nouvelles\/inspirations-let-the-sunshine-in\/#article","isPartOf":{"@id":"https:\/\/www.portesetfenetrespresident.com\/en\/nouvelles\/inspirations-let-the-sunshine-in\/"},"author":{"name":"@PresPortFenRedbox","@id":"https:\/\/www.portesetfenetrespresident.com\/en\/#\/schema\/person\/ef6b293cf124702395488abbe922caac"},"headline":"Let the Sunshine In","datePublished":"2026-07-23T16:24:28+00:00","mainEntityOfPage":{"@id":"https:\/\/www.portesetfenetrespresident.com\/en\/nouvelles\/inspirations-let-the-sunshine-in\/"},"wordCount":603,"commentCount":0,"image":{"@id":"https:\/\/www.portesetfenetrespresident.com\/en\/nouvelles\/inspirations-let-the-sunshine-in\/#primaryimage"},"thumbnailUrl":"https:\/\/www.portesetfenetrespresident.com\/wp-content\/uploads\/2023\/01\/PR_5920-Martel_1030x497_EN-1-1.jpg","inLanguage":"en-US","potentialAction":[{"@type":"CommentAction","name":"Comment","target":["https:\/\/www.portesetfenetrespresident.com\/en\/nouvelles\/inspirations-let-the-sunshine-in\/#respond"]}]},{"@type":"WebPage","@id":"https:\/\/www.portesetfenetrespresident.com\/en\/nouvelles\/inspirations-let-the-sunshine-in\/","url":"https:\/\/www.portesetfenetrespresident.com\/en\/nouvelles\/inspirations-let-the-sunshine-in\/","name":"Let the Sunshine In - Portes et fen\u00eatres Pr\u00e9sident","isPartOf":{"@id":"https:\/\/www.portesetfenetrespresident.com\/en\/#website"},"primaryImageOfPage":{"@id":"https:\/\/www.portesetfenetrespresident.com\/en\/nouvelles\/inspirations-let-the-sunshine-in\/#primaryimage"},"image":{"@id":"https:\/\/www.portesetfenetrespresident.com\/en\/nouvelles\/inspirations-let-the-sunshine-in\/#primaryimage"},"thumbnailUrl":"https:\/\/www.portesetfenetrespresident.com\/wp-content\/uploads\/2023\/01\/PR_5920-Martel_1030x497_EN-1-1.jpg","datePublished":"2026-07-23T16:24:28+00:00","author":{"@id":"https:\/\/www.portesetfenetrespresident.com\/en\/#\/schema\/person\/ef6b293cf124702395488abbe922caac"},"breadcrumb":{"@id":"https:\/\/www.portesetfenetrespresident.com\/en\/nouvelles\/inspirations-let-the-sunshine-in\/#breadcrumb"},"inLanguage":"en-US","potentialAction":[{"@type":"ReadAction","target":["https:\/\/www.portesetfenetrespresident.com\/en\/nouvelles\/inspirations-let-the-sunshine-in\/"]}]},{"@type":"ImageObject","inLanguage":"en-US","@id":"https:\/\/www.portesetfenetrespresident.com\/en\/nouvelles\/inspirations-let-the-sunshine-in\/#primaryimage","url":"https:\/\/www.portesetfenetrespresident.com\/wp-content\/uploads\/2023\/01\/PR_5920-Martel_1030x497_EN-1-1.jpg","contentUrl":"https:\/\/www.portesetfenetrespresident.com\/wp-content\/uploads\/2023\/01\/PR_5920-Martel_1030x497_EN-1-1.jpg"},{"@type":"BreadcrumbList","@id":"https:\/\/www.portesetfenetrespresident.com\/en\/nouvelles\/inspirations-let-the-sunshine-in\/#breadcrumb","itemListElement":[{"@type":"ListItem","position":1,"name":"Accueil","item":"https:\/\/www.portesetfenetrespresident.com\/en\/"},{"@type":"ListItem","position":2,"name":"Let the Sunshine In"}]},{"@type":"WebSite","@id":"https:\/\/www.portesetfenetrespresident.com\/en\/#website","url":"https:\/\/www.portesetfenetrespresident.com\/en\/","name":"Portes et fen\u00eatres Pr\u00e9sident","description":"La nouvelle g\u00e9n\u00e9ration de portes et fen\u00eatres","potentialAction":[{"@type":"SearchAction","target":{"@type":"EntryPoint","urlTemplate":"https:\/\/www.portesetfenetrespresident.com\/en\/?s={search_term_string}"},"query-input":{"@type":"PropertyValueSpecification","valueRequired":true,"valueName":"search_term_string"}}],"inLanguage":"en-US"},{"@type":"Person","@id":"https:\/\/www.portesetfenetrespresident.com\/en\/#\/schema\/person\/ef6b293cf124702395488abbe922caac","name":"@PresPortFenRedbox","image":{"@type":"ImageObject","inLanguage":"en-US","@id":"https:\/\/secure.gravatar.com\/avatar\/18f0d3fc7c5dce56638509b6723441b1cb65331321a530da9744c088e8d655ac?s=96&d=mm&r=g","url":"https:\/\/secure.gravatar.com\/avatar\/18f0d3fc7c5dce56638509b6723441b1cb65331321a530da9744c088e8d655ac?s=96&d=mm&r=g","contentUrl":"https:\/\/secure.gravatar.com\/avatar\/18f0d3fc7c5dce56638509b6723441b1cb65331321a530da9744c088e8d655ac?s=96&d=mm&r=g","caption":"@PresPortFenRedbox"},"sameAs":["https:\/\/www.portesetfenetrespresident.com"],"url":"https:\/\/www.portesetfenetrespresident.com\/en\/nouvelles\/author\/presportfenredbox\/"}]}},"_links":{"self":[{"href":"https:\/\/www.portesetfenetrespresident.com\/en\/wp-json\/wp\/v2\/posts\/1528","targetHints":{"allow":["GET"]}}],"collection":[{"href":"https:\/\/www.portesetfenetrespresident.com\/en\/wp-json\/wp\/v2\/posts"}],"about":[{"href":"https:\/\/www.portesetfenetrespresident.com\/en\/wp-json\/wp\/v2\/types\/post"}],"author":[{"embeddable":true,"href":"https:\/\/www.portesetfenetrespresident.com\/en\/wp-json\/wp\/v2\/users\/1"}],"replies":[{"embeddable":true,"href":"https:\/\/www.portesetfenetrespresident.com\/en\/wp-json\/wp\/v2\/comments?post=1528"}],"version-history":[{"count":0,"href":"https:\/\/www.portesetfenetrespresident.com\/en\/wp-json\/wp\/v2\/posts\/1528\/revisions"}],"wp:attachment":[{"href":"https:\/\/www.portesetfenetrespresident.com\/en\/wp-json\/wp\/v2\/media?parent=1528"}],"wp:term":[{"taxonomy":"category","embeddable":true,"href":"https:\/\/www.portesetfenetrespresident.com\/en\/wp-json\/wp\/v2\/categories?post=1528"},{"taxonomy":"post_tag","embeddable":true,"href":"https:\/\/www.portesetfenetrespresident.com\/en\/wp-json\/wp\/v2\/tags?post=1528"}],"curies":[{"name":"wp","href":"https:\/\/api.w.org\/{rel}","templated":true}]}}