{"id":1525,"date":"2026-07-23T18:24:28","date_gmt":"2026-07-23T16:24:28","guid":{"rendered":"https:\/\/www.portesetfenetrespresident.com\/inspirations-conversion-de-duplex-2\/"},"modified":"2026-07-23T18:24:28","modified_gmt":"2026-07-23T16:24:28","slug":"inspirations-conversion-de-duplex-2","status":"publish","type":"post","link":"https:\/\/www.portesetfenetrespresident.com\/en\/nouvelles\/inspirations-conversion-de-duplex-2\/","title":{"rendered":"Duplex Conversion?"},"content":{"rendered":"<h1>Duplex Conversion?<\/h1>\n<p><img loading=\"lazy\" decoding=\"async\" class=\"alignnone wp-image-6166 size-full\" src=\"https:\/\/www.portesetfenetrespresident.com\/wp-content\/uploads\/2022\/12\/280-DesaulniersAV_AP_SANS_1030x497_EN-4.jpg\" alt=\"Replacing windows\" width=\"1030\" height=\"497\" \/><\/p>\n<p><span style=\"font-weight: 400;\">\u00c9lise and Beno\u00eet from Longueuil wanted to convert their duplex into a single-family home. They wanted to enhance the appearance of their doors and windows to match the new vocation of their property and create an inviting atmosphere.<\/span><\/p>\n<p><span style=\"font-weight: 400;\">The old windows were sieves, wind and water seeped through. They also wanted to improve the performance of their home by replacing the windows with Energy Star models offering high energy efficiency. So, they contacted us to replace their doors, windows and patio doors.<\/span><\/p>\n<p><span style=\"font-weight: 400;\">Considering the clients&#8217; needs, our fenestration consultant proposed a personalized solution: replacing the existing sliding windows with beautiful <\/span><a href=\"\/en\/windows\/single-hung-windows\/\"><b>single-hung windows<\/b><\/a> <span style=\"font-weight: 400;\">from our range of PVC windows. This allowed them to keep the openings already in place, and therefore avoid additional costs, while enhancing the style of this magnificent classic red brick home. We have also added subtle grids to add a unique aesthetic touch.<\/span><\/p>\n<p><span style=\"font-weight: 400;\">To make the house more inviting and enhance the first impression, our window consultant recommended a blue wedgewood door, synonymous with distinction, with an Avenue stained glass that matches the window grids and the black door hardware. The Orleans door panel with an embossed rich and worked volumes adds a touch of elegance.<\/span><\/p>\n<p><span style=\"font-weight: 400;\">By opting for single-hung, all-PVC windows from PRESIDENT Doors and Windows insulated with our ISO-THERMA Technology, it is possible to enhance the appearance of your duplex while obtaining better comfort and saving energy. Thanks to the generous <\/span><a href=\"https:\/\/transitionenergetique.gouv.qc.ca\/en\/residential\/programs\/renoclimat\"><b>Canadian greener homes grant<\/b><\/a><span style=\"font-weight: 400;\"> currently in effect<\/span><span style=\"font-weight: 400;\">.<\/span><\/p>\n<p><span style=\"font-weight: 400;\">Products used for this project:<\/span><\/p>\n<p><span style=\"font-weight: 400;\">&#8211; All-PVC single-hung windows with ISO-THERMA Technology<\/span><\/p>\n<p><span style=\"font-weight: 400;\">&#8211; Orl\u00e9ans door painted wedgewood blue with black threshold and ball hinges<\/span><\/p>\n<p><span style=\"font-weight: 400;\">&#8211; Avenue stained glass 22\u2019\u2019 x 48\u2019\u2019<\/span><\/p>\n<p><span style=\"font-weight: 400;\">&#8211; Matte black Ashfield handle\u00a0<\/span><\/p>\n<p><img loading=\"lazy\" decoding=\"async\" class=\"alignnone size-full wp-image-6162\" src=\"https:\/\/www.portesetfenetrespresident.com\/wp-content\/uploads\/2022\/12\/280-DesaulniersAV_AP_SANS_960x960_EN-2.jpg\" alt=\"\" width=\"960\" height=\"960\" \/><\/p>\n<p><span style=\"font-weight: 400;\">From our factory to your home<\/span><\/p>\n<p><span style=\"font-weight: 400;\">PRESIDENT Doors and windows distinguishes itself by being a <\/span><b>\u201c<a href=\"https:\/\/www.portesetfenetrespresident.com\/en\/company\/\">MANUFACTURER-INSTALLER<\/a>\u201d<\/b><span style=\"font-weight: 400;\">. Therefore, we can control the entire process of replacing your windows, with the manufacturing from our factory in Longueuil to the installation to your home.<\/span><\/p>\n<p><span style=\"font-weight: 400;\">Do not hesitate to contact us today to discuss your window replacement project by calling 1-855-670-4777 or by\u00a0<strong><a href=\"https:\/\/www.portesetfenetrespresident.com\/en\/contact-us\/\">completing our free home consultation request form.<\/a><\/strong><\/span><\/p>\n<hr>\n<h2><span style=\"color: #009cdf;\">ATTENTION! YOUR RENOVATION PROJECT STARTS HERE<\/span><\/h2>\n<p>Thinking about replacing doors or windows? You could be eligible for financial assistance or a government loan.<\/p>\n<h4>M<span style=\"font-size: 16px;\">aximize your funding with R\u00e9noclimat \u2013 Save energy and money!<\/span><\/h4>\n<p>Find out about the R\u00e9noclimat program and discover how to obtain financial assistance for replacing your doors and windows:<\/p>\n<ul>\n<li>Schedule a free appointment with one of our fenestration advisors now by completing our <a href=\"https:\/\/www.portesetfenetrespresident.com\/en\/contact-us\/\">In-Home Appointment Request Form<\/a>.<\/li>\n<li>Or contact us by phone at <a href=\"tel:4506704777\"><span style=\"color: #009cdf;\">450-670-4777<\/span>.<\/a><\/li>\n<li>For more details on the financial assistance from the R\u00e9noclimat program, consult:\u00a0<span style=\"color: #009cdf;\"><a style=\"color: #009cdf;\" href=\"https:\/\/www.quebec.ca\/en\/housing-territory\/heating-energy-consumption\/financial-assistance-retrofits\/renoclimat\">The R\u00e9noclimat financial assistance program<\/a> <\/span>for replacing doors and windows.<\/li>\n<\/ul>\n<script>function getWR360PopupSkin(){return 'light_clean';}<\/script>","protected":false},"excerpt":{"rendered":"<p>\u00c9lise and Beno\u00eet from Longueuil wanted to convert their duplex into a single-family home. They wanted to enhance the appearance of their doors and windows to match the new vocation of their property and create an inviting atmosphere.<\/p>\n","protected":false},"author":1,"featured_media":0,"comment_status":"open","ping_status":"open","sticky":false,"template":"","format":"standard","meta":{"_acf_changed":false,"footnotes":""},"categories":[],"tags":[],"class_list":["post-1525","post","type-post","status-publish","format-standard"],"acf":[],"yoast_head":"<!-- This site is optimized with the Yoast SEO plugin v28.4 - https:\/\/yoast.com\/product\/yoast-seo-wordpress\/ -->\n<title>Duplex Conversion? - Portes et fen\u00eatres Pr\u00e9sident<\/title>\n<meta name=\"robots\" content=\"index, follow, max-snippet:-1, max-image-preview:large, max-video-preview:-1\" \/>\n<link rel=\"canonical\" href=\"https:\/\/www.portesetfenetrespresident.com\/en\/nouvelles\/inspirations-conversion-de-duplex-2\/\" \/>\n<meta property=\"og:locale\" content=\"en_US\" \/>\n<meta property=\"og:type\" content=\"article\" \/>\n<meta property=\"og:title\" content=\"Duplex Conversion? - Portes et fen\u00eatres Pr\u00e9sident\" \/>\n<meta property=\"og:description\" content=\"\u00c9lise and Beno\u00eet from Longueuil wanted to convert their duplex into a single-family home. They wanted to enhance the appearance of their doors and windows to match the new vocation of their property and create an inviting atmosphere.\" \/>\n<meta property=\"og:url\" content=\"https:\/\/www.portesetfenetrespresident.com\/en\/nouvelles\/inspirations-conversion-de-duplex-2\/\" \/>\n<meta property=\"og:site_name\" content=\"Portes et fen\u00eatres Pr\u00e9sident\" \/>\n<meta property=\"article:published_time\" content=\"2026-07-23T16:24:28+00:00\" \/>\n<meta property=\"og:image\" content=\"https:\/\/www.portesetfenetrespresident.com\/wp-content\/uploads\/2022\/12\/280-DesaulniersAV_AP_SANS_1030x497_EN-4.jpg\" \/>\n<meta name=\"author\" content=\"@PresPortFenRedbox\" \/>\n<meta name=\"twitter:card\" content=\"summary_large_image\" \/>\n<meta name=\"twitter:label1\" content=\"Written by\" \/>\n\t<meta name=\"twitter:data1\" content=\"@PresPortFenRedbox\" \/>\n\t<meta name=\"twitter:label2\" content=\"Est. reading time\" \/>\n\t<meta name=\"twitter:data2\" content=\"3 minutes\" \/>\n<script type=\"application\/ld+json\" class=\"yoast-schema-graph\">{\"@context\":\"https:\\\/\\\/schema.org\",\"@graph\":[{\"@type\":\"Article\",\"@id\":\"https:\\\/\\\/www.portesetfenetrespresident.com\\\/en\\\/nouvelles\\\/inspirations-conversion-de-duplex-2\\\/#article\",\"isPartOf\":{\"@id\":\"https:\\\/\\\/www.portesetfenetrespresident.com\\\/en\\\/nouvelles\\\/inspirations-conversion-de-duplex-2\\\/\"},\"author\":{\"name\":\"@PresPortFenRedbox\",\"@id\":\"https:\\\/\\\/www.portesetfenetrespresident.com\\\/en\\\/#\\\/schema\\\/person\\\/ef6b293cf124702395488abbe922caac\"},\"headline\":\"Duplex Conversion?\",\"datePublished\":\"2026-07-23T16:24:28+00:00\",\"mainEntityOfPage\":{\"@id\":\"https:\\\/\\\/www.portesetfenetrespresident.com\\\/en\\\/nouvelles\\\/inspirations-conversion-de-duplex-2\\\/\"},\"wordCount\":536,\"commentCount\":0,\"image\":{\"@id\":\"https:\\\/\\\/www.portesetfenetrespresident.com\\\/en\\\/nouvelles\\\/inspirations-conversion-de-duplex-2\\\/#primaryimage\"},\"thumbnailUrl\":\"https:\\\/\\\/www.portesetfenetrespresident.com\\\/wp-content\\\/uploads\\\/2022\\\/12\\\/280-DesaulniersAV_AP_SANS_1030x497_EN-4.jpg\",\"inLanguage\":\"en-US\",\"potentialAction\":[{\"@type\":\"CommentAction\",\"name\":\"Comment\",\"target\":[\"https:\\\/\\\/www.portesetfenetrespresident.com\\\/en\\\/nouvelles\\\/inspirations-conversion-de-duplex-2\\\/#respond\"]}]},{\"@type\":\"WebPage\",\"@id\":\"https:\\\/\\\/www.portesetfenetrespresident.com\\\/en\\\/nouvelles\\\/inspirations-conversion-de-duplex-2\\\/\",\"url\":\"https:\\\/\\\/www.portesetfenetrespresident.com\\\/en\\\/nouvelles\\\/inspirations-conversion-de-duplex-2\\\/\",\"name\":\"Duplex Conversion? - Portes et fen\u00eatres Pr\u00e9sident\",\"isPartOf\":{\"@id\":\"https:\\\/\\\/www.portesetfenetrespresident.com\\\/en\\\/#website\"},\"primaryImageOfPage\":{\"@id\":\"https:\\\/\\\/www.portesetfenetrespresident.com\\\/en\\\/nouvelles\\\/inspirations-conversion-de-duplex-2\\\/#primaryimage\"},\"image\":{\"@id\":\"https:\\\/\\\/www.portesetfenetrespresident.com\\\/en\\\/nouvelles\\\/inspirations-conversion-de-duplex-2\\\/#primaryimage\"},\"thumbnailUrl\":\"https:\\\/\\\/www.portesetfenetrespresident.com\\\/wp-content\\\/uploads\\\/2022\\\/12\\\/280-DesaulniersAV_AP_SANS_1030x497_EN-4.jpg\",\"datePublished\":\"2026-07-23T16:24:28+00:00\",\"author\":{\"@id\":\"https:\\\/\\\/www.portesetfenetrespresident.com\\\/en\\\/#\\\/schema\\\/person\\\/ef6b293cf124702395488abbe922caac\"},\"breadcrumb\":{\"@id\":\"https:\\\/\\\/www.portesetfenetrespresident.com\\\/en\\\/nouvelles\\\/inspirations-conversion-de-duplex-2\\\/#breadcrumb\"},\"inLanguage\":\"en-US\",\"potentialAction\":[{\"@type\":\"ReadAction\",\"target\":[\"https:\\\/\\\/www.portesetfenetrespresident.com\\\/en\\\/nouvelles\\\/inspirations-conversion-de-duplex-2\\\/\"]}]},{\"@type\":\"ImageObject\",\"inLanguage\":\"en-US\",\"@id\":\"https:\\\/\\\/www.portesetfenetrespresident.com\\\/en\\\/nouvelles\\\/inspirations-conversion-de-duplex-2\\\/#primaryimage\",\"url\":\"https:\\\/\\\/www.portesetfenetrespresident.com\\\/wp-content\\\/uploads\\\/2022\\\/12\\\/280-DesaulniersAV_AP_SANS_1030x497_EN-4.jpg\",\"contentUrl\":\"https:\\\/\\\/www.portesetfenetrespresident.com\\\/wp-content\\\/uploads\\\/2022\\\/12\\\/280-DesaulniersAV_AP_SANS_1030x497_EN-4.jpg\"},{\"@type\":\"BreadcrumbList\",\"@id\":\"https:\\\/\\\/www.portesetfenetrespresident.com\\\/en\\\/nouvelles\\\/inspirations-conversion-de-duplex-2\\\/#breadcrumb\",\"itemListElement\":[{\"@type\":\"ListItem\",\"position\":1,\"name\":\"Accueil\",\"item\":\"https:\\\/\\\/www.portesetfenetrespresident.com\\\/en\\\/\"},{\"@type\":\"ListItem\",\"position\":2,\"name\":\"Duplex Conversion?\"}]},{\"@type\":\"WebSite\",\"@id\":\"https:\\\/\\\/www.portesetfenetrespresident.com\\\/en\\\/#website\",\"url\":\"https:\\\/\\\/www.portesetfenetrespresident.com\\\/en\\\/\",\"name\":\"Portes et fen\u00eatres Pr\u00e9sident\",\"description\":\"La nouvelle g\u00e9n\u00e9ration de portes et fen\u00eatres\",\"potentialAction\":[{\"@type\":\"SearchAction\",\"target\":{\"@type\":\"EntryPoint\",\"urlTemplate\":\"https:\\\/\\\/www.portesetfenetrespresident.com\\\/en\\\/?s={search_term_string}\"},\"query-input\":{\"@type\":\"PropertyValueSpecification\",\"valueRequired\":true,\"valueName\":\"search_term_string\"}}],\"inLanguage\":\"en-US\"},{\"@type\":\"Person\",\"@id\":\"https:\\\/\\\/www.portesetfenetrespresident.com\\\/en\\\/#\\\/schema\\\/person\\\/ef6b293cf124702395488abbe922caac\",\"name\":\"@PresPortFenRedbox\",\"image\":{\"@type\":\"ImageObject\",\"inLanguage\":\"en-US\",\"@id\":\"https:\\\/\\\/secure.gravatar.com\\\/avatar\\\/18f0d3fc7c5dce56638509b6723441b1cb65331321a530da9744c088e8d655ac?s=96&d=mm&r=g\",\"url\":\"https:\\\/\\\/secure.gravatar.com\\\/avatar\\\/18f0d3fc7c5dce56638509b6723441b1cb65331321a530da9744c088e8d655ac?s=96&d=mm&r=g\",\"contentUrl\":\"https:\\\/\\\/secure.gravatar.com\\\/avatar\\\/18f0d3fc7c5dce56638509b6723441b1cb65331321a530da9744c088e8d655ac?s=96&d=mm&r=g\",\"caption\":\"@PresPortFenRedbox\"},\"sameAs\":[\"https:\\\/\\\/www.portesetfenetrespresident.com\"],\"url\":\"https:\\\/\\\/www.portesetfenetrespresident.com\\\/en\\\/nouvelles\\\/author\\\/presportfenredbox\\\/\"}]}<\/script>\n<!-- \/ Yoast SEO plugin. -->","yoast_head_json":{"title":"Duplex Conversion? - Portes et fen\u00eatres Pr\u00e9sident","robots":{"index":"index","follow":"follow","max-snippet":"max-snippet:-1","max-image-preview":"max-image-preview:large","max-video-preview":"max-video-preview:-1"},"canonical":"https:\/\/www.portesetfenetrespresident.com\/en\/nouvelles\/inspirations-conversion-de-duplex-2\/","og_locale":"en_US","og_type":"article","og_title":"Duplex Conversion? - Portes et fen\u00eatres Pr\u00e9sident","og_description":"\u00c9lise and Beno\u00eet from Longueuil wanted to convert their duplex into a single-family home. They wanted to enhance the appearance of their doors and windows to match the new vocation of their property and create an inviting atmosphere.","og_url":"https:\/\/www.portesetfenetrespresident.com\/en\/nouvelles\/inspirations-conversion-de-duplex-2\/","og_site_name":"Portes et fen\u00eatres Pr\u00e9sident","article_published_time":"2026-07-23T16:24:28+00:00","og_image":[{"url":"https:\/\/www.portesetfenetrespresident.com\/wp-content\/uploads\/2022\/12\/280-DesaulniersAV_AP_SANS_1030x497_EN-4.jpg","type":"","width":"","height":""}],"author":"@PresPortFenRedbox","twitter_card":"summary_large_image","twitter_misc":{"Written by":"@PresPortFenRedbox","Est. reading time":"3 minutes"},"schema":{"@context":"https:\/\/schema.org","@graph":[{"@type":"Article","@id":"https:\/\/www.portesetfenetrespresident.com\/en\/nouvelles\/inspirations-conversion-de-duplex-2\/#article","isPartOf":{"@id":"https:\/\/www.portesetfenetrespresident.com\/en\/nouvelles\/inspirations-conversion-de-duplex-2\/"},"author":{"name":"@PresPortFenRedbox","@id":"https:\/\/www.portesetfenetrespresident.com\/en\/#\/schema\/person\/ef6b293cf124702395488abbe922caac"},"headline":"Duplex Conversion?","datePublished":"2026-07-23T16:24:28+00:00","mainEntityOfPage":{"@id":"https:\/\/www.portesetfenetrespresident.com\/en\/nouvelles\/inspirations-conversion-de-duplex-2\/"},"wordCount":536,"commentCount":0,"image":{"@id":"https:\/\/www.portesetfenetrespresident.com\/en\/nouvelles\/inspirations-conversion-de-duplex-2\/#primaryimage"},"thumbnailUrl":"https:\/\/www.portesetfenetrespresident.com\/wp-content\/uploads\/2022\/12\/280-DesaulniersAV_AP_SANS_1030x497_EN-4.jpg","inLanguage":"en-US","potentialAction":[{"@type":"CommentAction","name":"Comment","target":["https:\/\/www.portesetfenetrespresident.com\/en\/nouvelles\/inspirations-conversion-de-duplex-2\/#respond"]}]},{"@type":"WebPage","@id":"https:\/\/www.portesetfenetrespresident.com\/en\/nouvelles\/inspirations-conversion-de-duplex-2\/","url":"https:\/\/www.portesetfenetrespresident.com\/en\/nouvelles\/inspirations-conversion-de-duplex-2\/","name":"Duplex Conversion? - Portes et fen\u00eatres Pr\u00e9sident","isPartOf":{"@id":"https:\/\/www.portesetfenetrespresident.com\/en\/#website"},"primaryImageOfPage":{"@id":"https:\/\/www.portesetfenetrespresident.com\/en\/nouvelles\/inspirations-conversion-de-duplex-2\/#primaryimage"},"image":{"@id":"https:\/\/www.portesetfenetrespresident.com\/en\/nouvelles\/inspirations-conversion-de-duplex-2\/#primaryimage"},"thumbnailUrl":"https:\/\/www.portesetfenetrespresident.com\/wp-content\/uploads\/2022\/12\/280-DesaulniersAV_AP_SANS_1030x497_EN-4.jpg","datePublished":"2026-07-23T16:24:28+00:00","author":{"@id":"https:\/\/www.portesetfenetrespresident.com\/en\/#\/schema\/person\/ef6b293cf124702395488abbe922caac"},"breadcrumb":{"@id":"https:\/\/www.portesetfenetrespresident.com\/en\/nouvelles\/inspirations-conversion-de-duplex-2\/#breadcrumb"},"inLanguage":"en-US","potentialAction":[{"@type":"ReadAction","target":["https:\/\/www.portesetfenetrespresident.com\/en\/nouvelles\/inspirations-conversion-de-duplex-2\/"]}]},{"@type":"ImageObject","inLanguage":"en-US","@id":"https:\/\/www.portesetfenetrespresident.com\/en\/nouvelles\/inspirations-conversion-de-duplex-2\/#primaryimage","url":"https:\/\/www.portesetfenetrespresident.com\/wp-content\/uploads\/2022\/12\/280-DesaulniersAV_AP_SANS_1030x497_EN-4.jpg","contentUrl":"https:\/\/www.portesetfenetrespresident.com\/wp-content\/uploads\/2022\/12\/280-DesaulniersAV_AP_SANS_1030x497_EN-4.jpg"},{"@type":"BreadcrumbList","@id":"https:\/\/www.portesetfenetrespresident.com\/en\/nouvelles\/inspirations-conversion-de-duplex-2\/#breadcrumb","itemListElement":[{"@type":"ListItem","position":1,"name":"Accueil","item":"https:\/\/www.portesetfenetrespresident.com\/en\/"},{"@type":"ListItem","position":2,"name":"Duplex Conversion?"}]},{"@type":"WebSite","@id":"https:\/\/www.portesetfenetrespresident.com\/en\/#website","url":"https:\/\/www.portesetfenetrespresident.com\/en\/","name":"Portes et fen\u00eatres Pr\u00e9sident","description":"La nouvelle g\u00e9n\u00e9ration de portes et fen\u00eatres","potentialAction":[{"@type":"SearchAction","target":{"@type":"EntryPoint","urlTemplate":"https:\/\/www.portesetfenetrespresident.com\/en\/?s={search_term_string}"},"query-input":{"@type":"PropertyValueSpecification","valueRequired":true,"valueName":"search_term_string"}}],"inLanguage":"en-US"},{"@type":"Person","@id":"https:\/\/www.portesetfenetrespresident.com\/en\/#\/schema\/person\/ef6b293cf124702395488abbe922caac","name":"@PresPortFenRedbox","image":{"@type":"ImageObject","inLanguage":"en-US","@id":"https:\/\/secure.gravatar.com\/avatar\/18f0d3fc7c5dce56638509b6723441b1cb65331321a530da9744c088e8d655ac?s=96&d=mm&r=g","url":"https:\/\/secure.gravatar.com\/avatar\/18f0d3fc7c5dce56638509b6723441b1cb65331321a530da9744c088e8d655ac?s=96&d=mm&r=g","contentUrl":"https:\/\/secure.gravatar.com\/avatar\/18f0d3fc7c5dce56638509b6723441b1cb65331321a530da9744c088e8d655ac?s=96&d=mm&r=g","caption":"@PresPortFenRedbox"},"sameAs":["https:\/\/www.portesetfenetrespresident.com"],"url":"https:\/\/www.portesetfenetrespresident.com\/en\/nouvelles\/author\/presportfenredbox\/"}]}},"_links":{"self":[{"href":"https:\/\/www.portesetfenetrespresident.com\/en\/wp-json\/wp\/v2\/posts\/1525","targetHints":{"allow":["GET"]}}],"collection":[{"href":"https:\/\/www.portesetfenetrespresident.com\/en\/wp-json\/wp\/v2\/posts"}],"about":[{"href":"https:\/\/www.portesetfenetrespresident.com\/en\/wp-json\/wp\/v2\/types\/post"}],"author":[{"embeddable":true,"href":"https:\/\/www.portesetfenetrespresident.com\/en\/wp-json\/wp\/v2\/users\/1"}],"replies":[{"embeddable":true,"href":"https:\/\/www.portesetfenetrespresident.com\/en\/wp-json\/wp\/v2\/comments?post=1525"}],"version-history":[{"count":0,"href":"https:\/\/www.portesetfenetrespresident.com\/en\/wp-json\/wp\/v2\/posts\/1525\/revisions"}],"wp:attachment":[{"href":"https:\/\/www.portesetfenetrespresident.com\/en\/wp-json\/wp\/v2\/media?parent=1525"}],"wp:term":[{"taxonomy":"category","embeddable":true,"href":"https:\/\/www.portesetfenetrespresident.com\/en\/wp-json\/wp\/v2\/categories?post=1525"},{"taxonomy":"post_tag","embeddable":true,"href":"https:\/\/www.portesetfenetrespresident.com\/en\/wp-json\/wp\/v2\/tags?post=1525"}],"curies":[{"name":"wp","href":"https:\/\/api.w.org\/{rel}","templated":true}]}}