{"id":1522,"date":"2026-07-23T18:24:28","date_gmt":"2026-07-23T16:24:28","guid":{"rendered":"https:\/\/www.portesetfenetrespresident.com\/inspirations-add-style-to-your-property-with-our-entry-doors\/"},"modified":"2026-07-23T18:24:28","modified_gmt":"2026-07-23T16:24:28","slug":"inspirations-add-style-to-your-property-with-our-entry-doors","status":"publish","type":"post","link":"https:\/\/www.portesetfenetrespresident.com\/en\/nouvelles\/inspirations-add-style-to-your-property-with-our-entry-doors\/","title":{"rendered":"Add style to your property with our entry doors."},"content":{"rendered":"<h1>Add style to your property with our entry doors.<\/h1>\n<p><img loading=\"lazy\" decoding=\"async\" class=\"alignnone wp-image-7085 size-full\" src=\"https:\/\/www.portesetfenetrespresident.com\/wp-content\/uploads\/2023\/02\/PR_7521-Groseilles_1030x497_EN.jpg\" alt=\"Entrance door with style\" width=\"1030\" height=\"497\" \/><\/p>\n<p>Jean-Pierre and St\u00e9phanie, new owners of a single-family home in Terrebonne, wanted their front door to be the central element of their property, this way giving a unique and distinctive look to their residence.<\/p>\n<p>The front door dated from 2007, the year this house was built. It did not reflect the desired style and the tiling blocked visibility and light considerably. They also noticed that there was air infiltration due to the lack of sealing. They contacted us to replace their front door and the irregularly shaped window above it.<\/p>\n<p>Based on the identified needs, our fenestration consultant suggested a personalized solution, a <a href=\"\/en\/doors\/steel-entry-doors\/\"><span style=\"color: #009cdf;\">Vog steel exterior door<\/span><\/a> without stained glass, fitted with a magnificent stainless steel pull bar offering privacy and style. It was also suggested to remove all the tiles in the sides as well as the <a href=\"\/en\/windows\/transom-and-odd-shaped-windows\/\"><span style=\"color: #009cdf;\">irregularly shaped<\/span><\/a> transom.<\/p>\n<p>This replacement solution makes it possible to modernize the appearance of the property, increase the amount of light in the entrance hall and offer the expected energy efficiency.<\/p>\n<p>PRESIDENT window replacement solutions enhance the appearance of your property, provide better comfort, and save energy.<\/p>\n<p>Products used for this project:<\/p>\n<ul>\n<li>Irregular shaped windows<\/li>\n<li>Vog steel door with threshold and ball hinges<\/li>\n<li>Sides 14\u2019\u2019 x 79\u2019\u2019 clear<\/li>\n<li>36&#8221; stainless steel round drawbar<\/li>\n<\/ul>\n<p><img loading=\"lazy\" decoding=\"async\" class=\"alignnone size-full wp-image-7084\" src=\"https:\/\/www.portesetfenetrespresident.com\/wp-content\/uploads\/2023\/02\/PR_7521-Groseilles960x960_EN-1.jpg\" alt=\"\" width=\"960\" height=\"960\" \/><\/p>\n<p><strong>From our factory to your home<\/strong><\/p>\n<p>PRESIDENT Doors and windows distinguishes itself by being a \u00ab <a href=\"\/en\/company\/\">MANUFACTURER-INSTALLER<\/a> \u00bb. Therefore, we can control the entire process of replacing your windows, with the manufacturing from our factory in Longueuil to the installation to your home.<\/p>\n<p>Do not hesitate to contact us today to discuss your window replacement project by calling 1-855-670-4777 or <strong><span style=\"color: #009cdf;\">by completing our free home consultation request form<\/span><\/strong>.<\/p>\n<hr>\n<h2><span style=\"color: #009cdf;\">ATTENTION! YOUR RENOVATION PROJECT STARTS HERE<\/span><\/h2>\n<p>Thinking about replacing doors or windows? You could be eligible for financial assistance or a government loan.<\/p>\n<h4>M<span style=\"font-size: 16px;\">aximize your funding with R\u00e9noclimat \u2013 Save energy and money!<\/span><\/h4>\n<p>Find out about the R\u00e9noclimat program and discover how to obtain financial assistance for replacing your doors and windows:<\/p>\n<ul>\n<li>Schedule a free appointment with one of our fenestration advisors now by completing our <a href=\"https:\/\/www.portesetfenetrespresident.com\/en\/contact-us\/\">In-Home Appointment Request Form<\/a>.<\/li>\n<li>Or contact us by phone at <a href=\"tel:4506704777\"><span style=\"color: #009cdf;\">450-670-4777<\/span>.<\/a><\/li>\n<li>For more details on the financial assistance from the R\u00e9noclimat program, consult:\u00a0<span style=\"color: #009cdf;\"><a style=\"color: #009cdf;\" href=\"https:\/\/www.quebec.ca\/en\/housing-territory\/heating-energy-consumption\/financial-assistance-retrofits\/renoclimat\">The R\u00e9noclimat financial assistance program<\/a> <\/span>for replacing doors and windows.<\/li>\n<\/ul>\n<script>function getWR360PopupSkin(){return 'light_clean';}<\/script>","protected":false},"excerpt":{"rendered":"<p>Jean-Pierre and St\u00e9phanie, new owners of a single-family home in Terrebonne, wanted their front door to be the central element of their property, this way giving a unique and distinctive look to their residence.<\/p>\n","protected":false},"author":1,"featured_media":0,"comment_status":"open","ping_status":"open","sticky":false,"template":"","format":"standard","meta":{"_acf_changed":false,"footnotes":""},"categories":[],"tags":[],"class_list":["post-1522","post","type-post","status-publish","format-standard"],"acf":[],"yoast_head":"<!-- This site is optimized with the Yoast SEO plugin v28.4 - https:\/\/yoast.com\/product\/yoast-seo-wordpress\/ -->\n<title>Add style to your property with our entry doors. - Portes et fen\u00eatres Pr\u00e9sident<\/title>\n<meta name=\"robots\" content=\"index, follow, max-snippet:-1, max-image-preview:large, max-video-preview:-1\" \/>\n<link rel=\"canonical\" href=\"https:\/\/www.portesetfenetrespresident.com\/en\/nouvelles\/inspirations-add-style-to-your-property-with-our-entry-doors\/\" \/>\n<meta property=\"og:locale\" content=\"en_US\" \/>\n<meta property=\"og:type\" content=\"article\" \/>\n<meta property=\"og:title\" content=\"Add style to your property with our entry doors. - Portes et fen\u00eatres Pr\u00e9sident\" \/>\n<meta property=\"og:description\" content=\"Jean-Pierre and St\u00e9phanie, new owners of a single-family home in Terrebonne, wanted their front door to be the central element of their property, this way giving a unique and distinctive look to their residence.\" \/>\n<meta property=\"og:url\" content=\"https:\/\/www.portesetfenetrespresident.com\/en\/nouvelles\/inspirations-add-style-to-your-property-with-our-entry-doors\/\" \/>\n<meta property=\"og:site_name\" content=\"Portes et fen\u00eatres Pr\u00e9sident\" \/>\n<meta property=\"article:published_time\" content=\"2026-07-23T16:24:28+00:00\" \/>\n<meta property=\"og:image\" content=\"https:\/\/www.portesetfenetrespresident.com\/wp-content\/uploads\/2023\/02\/PR_7521-Groseilles_1030x497_EN.jpg\" \/>\n<meta name=\"author\" content=\"@PresPortFenRedbox\" \/>\n<meta name=\"twitter:card\" content=\"summary_large_image\" \/>\n<meta name=\"twitter:label1\" content=\"Written by\" \/>\n\t<meta name=\"twitter:data1\" content=\"@PresPortFenRedbox\" \/>\n\t<meta name=\"twitter:label2\" content=\"Est. reading time\" \/>\n\t<meta name=\"twitter:data2\" content=\"3 minutes\" \/>\n<script type=\"application\/ld+json\" class=\"yoast-schema-graph\">{\"@context\":\"https:\\\/\\\/schema.org\",\"@graph\":[{\"@type\":\"Article\",\"@id\":\"https:\\\/\\\/www.portesetfenetrespresident.com\\\/en\\\/nouvelles\\\/inspirations-add-style-to-your-property-with-our-entry-doors\\\/#article\",\"isPartOf\":{\"@id\":\"https:\\\/\\\/www.portesetfenetrespresident.com\\\/en\\\/nouvelles\\\/inspirations-add-style-to-your-property-with-our-entry-doors\\\/\"},\"author\":{\"name\":\"@PresPortFenRedbox\",\"@id\":\"https:\\\/\\\/www.portesetfenetrespresident.com\\\/en\\\/#\\\/schema\\\/person\\\/ef6b293cf124702395488abbe922caac\"},\"headline\":\"Add style to your property with our entry doors.\",\"datePublished\":\"2026-07-23T16:24:28+00:00\",\"mainEntityOfPage\":{\"@id\":\"https:\\\/\\\/www.portesetfenetrespresident.com\\\/en\\\/nouvelles\\\/inspirations-add-style-to-your-property-with-our-entry-doors\\\/\"},\"wordCount\":480,\"commentCount\":0,\"image\":{\"@id\":\"https:\\\/\\\/www.portesetfenetrespresident.com\\\/en\\\/nouvelles\\\/inspirations-add-style-to-your-property-with-our-entry-doors\\\/#primaryimage\"},\"thumbnailUrl\":\"https:\\\/\\\/www.portesetfenetrespresident.com\\\/wp-content\\\/uploads\\\/2023\\\/02\\\/PR_7521-Groseilles_1030x497_EN.jpg\",\"inLanguage\":\"en-US\",\"potentialAction\":[{\"@type\":\"CommentAction\",\"name\":\"Comment\",\"target\":[\"https:\\\/\\\/www.portesetfenetrespresident.com\\\/en\\\/nouvelles\\\/inspirations-add-style-to-your-property-with-our-entry-doors\\\/#respond\"]}]},{\"@type\":\"WebPage\",\"@id\":\"https:\\\/\\\/www.portesetfenetrespresident.com\\\/en\\\/nouvelles\\\/inspirations-add-style-to-your-property-with-our-entry-doors\\\/\",\"url\":\"https:\\\/\\\/www.portesetfenetrespresident.com\\\/en\\\/nouvelles\\\/inspirations-add-style-to-your-property-with-our-entry-doors\\\/\",\"name\":\"Add style to your property with our entry doors. - Portes et fen\u00eatres Pr\u00e9sident\",\"isPartOf\":{\"@id\":\"https:\\\/\\\/www.portesetfenetrespresident.com\\\/en\\\/#website\"},\"primaryImageOfPage\":{\"@id\":\"https:\\\/\\\/www.portesetfenetrespresident.com\\\/en\\\/nouvelles\\\/inspirations-add-style-to-your-property-with-our-entry-doors\\\/#primaryimage\"},\"image\":{\"@id\":\"https:\\\/\\\/www.portesetfenetrespresident.com\\\/en\\\/nouvelles\\\/inspirations-add-style-to-your-property-with-our-entry-doors\\\/#primaryimage\"},\"thumbnailUrl\":\"https:\\\/\\\/www.portesetfenetrespresident.com\\\/wp-content\\\/uploads\\\/2023\\\/02\\\/PR_7521-Groseilles_1030x497_EN.jpg\",\"datePublished\":\"2026-07-23T16:24:28+00:00\",\"author\":{\"@id\":\"https:\\\/\\\/www.portesetfenetrespresident.com\\\/en\\\/#\\\/schema\\\/person\\\/ef6b293cf124702395488abbe922caac\"},\"breadcrumb\":{\"@id\":\"https:\\\/\\\/www.portesetfenetrespresident.com\\\/en\\\/nouvelles\\\/inspirations-add-style-to-your-property-with-our-entry-doors\\\/#breadcrumb\"},\"inLanguage\":\"en-US\",\"potentialAction\":[{\"@type\":\"ReadAction\",\"target\":[\"https:\\\/\\\/www.portesetfenetrespresident.com\\\/en\\\/nouvelles\\\/inspirations-add-style-to-your-property-with-our-entry-doors\\\/\"]}]},{\"@type\":\"ImageObject\",\"inLanguage\":\"en-US\",\"@id\":\"https:\\\/\\\/www.portesetfenetrespresident.com\\\/en\\\/nouvelles\\\/inspirations-add-style-to-your-property-with-our-entry-doors\\\/#primaryimage\",\"url\":\"https:\\\/\\\/www.portesetfenetrespresident.com\\\/wp-content\\\/uploads\\\/2023\\\/02\\\/PR_7521-Groseilles_1030x497_EN.jpg\",\"contentUrl\":\"https:\\\/\\\/www.portesetfenetrespresident.com\\\/wp-content\\\/uploads\\\/2023\\\/02\\\/PR_7521-Groseilles_1030x497_EN.jpg\"},{\"@type\":\"BreadcrumbList\",\"@id\":\"https:\\\/\\\/www.portesetfenetrespresident.com\\\/en\\\/nouvelles\\\/inspirations-add-style-to-your-property-with-our-entry-doors\\\/#breadcrumb\",\"itemListElement\":[{\"@type\":\"ListItem\",\"position\":1,\"name\":\"Accueil\",\"item\":\"https:\\\/\\\/www.portesetfenetrespresident.com\\\/en\\\/\"},{\"@type\":\"ListItem\",\"position\":2,\"name\":\"Add style to your property with our entry doors.\"}]},{\"@type\":\"WebSite\",\"@id\":\"https:\\\/\\\/www.portesetfenetrespresident.com\\\/en\\\/#website\",\"url\":\"https:\\\/\\\/www.portesetfenetrespresident.com\\\/en\\\/\",\"name\":\"Portes et fen\u00eatres Pr\u00e9sident\",\"description\":\"La nouvelle g\u00e9n\u00e9ration de portes et fen\u00eatres\",\"potentialAction\":[{\"@type\":\"SearchAction\",\"target\":{\"@type\":\"EntryPoint\",\"urlTemplate\":\"https:\\\/\\\/www.portesetfenetrespresident.com\\\/en\\\/?s={search_term_string}\"},\"query-input\":{\"@type\":\"PropertyValueSpecification\",\"valueRequired\":true,\"valueName\":\"search_term_string\"}}],\"inLanguage\":\"en-US\"},{\"@type\":\"Person\",\"@id\":\"https:\\\/\\\/www.portesetfenetrespresident.com\\\/en\\\/#\\\/schema\\\/person\\\/ef6b293cf124702395488abbe922caac\",\"name\":\"@PresPortFenRedbox\",\"image\":{\"@type\":\"ImageObject\",\"inLanguage\":\"en-US\",\"@id\":\"https:\\\/\\\/secure.gravatar.com\\\/avatar\\\/18f0d3fc7c5dce56638509b6723441b1cb65331321a530da9744c088e8d655ac?s=96&d=mm&r=g\",\"url\":\"https:\\\/\\\/secure.gravatar.com\\\/avatar\\\/18f0d3fc7c5dce56638509b6723441b1cb65331321a530da9744c088e8d655ac?s=96&d=mm&r=g\",\"contentUrl\":\"https:\\\/\\\/secure.gravatar.com\\\/avatar\\\/18f0d3fc7c5dce56638509b6723441b1cb65331321a530da9744c088e8d655ac?s=96&d=mm&r=g\",\"caption\":\"@PresPortFenRedbox\"},\"sameAs\":[\"https:\\\/\\\/www.portesetfenetrespresident.com\"],\"url\":\"https:\\\/\\\/www.portesetfenetrespresident.com\\\/en\\\/nouvelles\\\/author\\\/presportfenredbox\\\/\"}]}<\/script>\n<!-- \/ Yoast SEO plugin. -->","yoast_head_json":{"title":"Add style to your property with our entry doors. - Portes et fen\u00eatres Pr\u00e9sident","robots":{"index":"index","follow":"follow","max-snippet":"max-snippet:-1","max-image-preview":"max-image-preview:large","max-video-preview":"max-video-preview:-1"},"canonical":"https:\/\/www.portesetfenetrespresident.com\/en\/nouvelles\/inspirations-add-style-to-your-property-with-our-entry-doors\/","og_locale":"en_US","og_type":"article","og_title":"Add style to your property with our entry doors. - Portes et fen\u00eatres Pr\u00e9sident","og_description":"Jean-Pierre and St\u00e9phanie, new owners of a single-family home in Terrebonne, wanted their front door to be the central element of their property, this way giving a unique and distinctive look to their residence.","og_url":"https:\/\/www.portesetfenetrespresident.com\/en\/nouvelles\/inspirations-add-style-to-your-property-with-our-entry-doors\/","og_site_name":"Portes et fen\u00eatres Pr\u00e9sident","article_published_time":"2026-07-23T16:24:28+00:00","og_image":[{"url":"https:\/\/www.portesetfenetrespresident.com\/wp-content\/uploads\/2023\/02\/PR_7521-Groseilles_1030x497_EN.jpg","type":"","width":"","height":""}],"author":"@PresPortFenRedbox","twitter_card":"summary_large_image","twitter_misc":{"Written by":"@PresPortFenRedbox","Est. reading time":"3 minutes"},"schema":{"@context":"https:\/\/schema.org","@graph":[{"@type":"Article","@id":"https:\/\/www.portesetfenetrespresident.com\/en\/nouvelles\/inspirations-add-style-to-your-property-with-our-entry-doors\/#article","isPartOf":{"@id":"https:\/\/www.portesetfenetrespresident.com\/en\/nouvelles\/inspirations-add-style-to-your-property-with-our-entry-doors\/"},"author":{"name":"@PresPortFenRedbox","@id":"https:\/\/www.portesetfenetrespresident.com\/en\/#\/schema\/person\/ef6b293cf124702395488abbe922caac"},"headline":"Add style to your property with our entry doors.","datePublished":"2026-07-23T16:24:28+00:00","mainEntityOfPage":{"@id":"https:\/\/www.portesetfenetrespresident.com\/en\/nouvelles\/inspirations-add-style-to-your-property-with-our-entry-doors\/"},"wordCount":480,"commentCount":0,"image":{"@id":"https:\/\/www.portesetfenetrespresident.com\/en\/nouvelles\/inspirations-add-style-to-your-property-with-our-entry-doors\/#primaryimage"},"thumbnailUrl":"https:\/\/www.portesetfenetrespresident.com\/wp-content\/uploads\/2023\/02\/PR_7521-Groseilles_1030x497_EN.jpg","inLanguage":"en-US","potentialAction":[{"@type":"CommentAction","name":"Comment","target":["https:\/\/www.portesetfenetrespresident.com\/en\/nouvelles\/inspirations-add-style-to-your-property-with-our-entry-doors\/#respond"]}]},{"@type":"WebPage","@id":"https:\/\/www.portesetfenetrespresident.com\/en\/nouvelles\/inspirations-add-style-to-your-property-with-our-entry-doors\/","url":"https:\/\/www.portesetfenetrespresident.com\/en\/nouvelles\/inspirations-add-style-to-your-property-with-our-entry-doors\/","name":"Add style to your property with our entry doors. - Portes et fen\u00eatres Pr\u00e9sident","isPartOf":{"@id":"https:\/\/www.portesetfenetrespresident.com\/en\/#website"},"primaryImageOfPage":{"@id":"https:\/\/www.portesetfenetrespresident.com\/en\/nouvelles\/inspirations-add-style-to-your-property-with-our-entry-doors\/#primaryimage"},"image":{"@id":"https:\/\/www.portesetfenetrespresident.com\/en\/nouvelles\/inspirations-add-style-to-your-property-with-our-entry-doors\/#primaryimage"},"thumbnailUrl":"https:\/\/www.portesetfenetrespresident.com\/wp-content\/uploads\/2023\/02\/PR_7521-Groseilles_1030x497_EN.jpg","datePublished":"2026-07-23T16:24:28+00:00","author":{"@id":"https:\/\/www.portesetfenetrespresident.com\/en\/#\/schema\/person\/ef6b293cf124702395488abbe922caac"},"breadcrumb":{"@id":"https:\/\/www.portesetfenetrespresident.com\/en\/nouvelles\/inspirations-add-style-to-your-property-with-our-entry-doors\/#breadcrumb"},"inLanguage":"en-US","potentialAction":[{"@type":"ReadAction","target":["https:\/\/www.portesetfenetrespresident.com\/en\/nouvelles\/inspirations-add-style-to-your-property-with-our-entry-doors\/"]}]},{"@type":"ImageObject","inLanguage":"en-US","@id":"https:\/\/www.portesetfenetrespresident.com\/en\/nouvelles\/inspirations-add-style-to-your-property-with-our-entry-doors\/#primaryimage","url":"https:\/\/www.portesetfenetrespresident.com\/wp-content\/uploads\/2023\/02\/PR_7521-Groseilles_1030x497_EN.jpg","contentUrl":"https:\/\/www.portesetfenetrespresident.com\/wp-content\/uploads\/2023\/02\/PR_7521-Groseilles_1030x497_EN.jpg"},{"@type":"BreadcrumbList","@id":"https:\/\/www.portesetfenetrespresident.com\/en\/nouvelles\/inspirations-add-style-to-your-property-with-our-entry-doors\/#breadcrumb","itemListElement":[{"@type":"ListItem","position":1,"name":"Accueil","item":"https:\/\/www.portesetfenetrespresident.com\/en\/"},{"@type":"ListItem","position":2,"name":"Add style to your property with our entry doors."}]},{"@type":"WebSite","@id":"https:\/\/www.portesetfenetrespresident.com\/en\/#website","url":"https:\/\/www.portesetfenetrespresident.com\/en\/","name":"Portes et fen\u00eatres Pr\u00e9sident","description":"La nouvelle g\u00e9n\u00e9ration de portes et fen\u00eatres","potentialAction":[{"@type":"SearchAction","target":{"@type":"EntryPoint","urlTemplate":"https:\/\/www.portesetfenetrespresident.com\/en\/?s={search_term_string}"},"query-input":{"@type":"PropertyValueSpecification","valueRequired":true,"valueName":"search_term_string"}}],"inLanguage":"en-US"},{"@type":"Person","@id":"https:\/\/www.portesetfenetrespresident.com\/en\/#\/schema\/person\/ef6b293cf124702395488abbe922caac","name":"@PresPortFenRedbox","image":{"@type":"ImageObject","inLanguage":"en-US","@id":"https:\/\/secure.gravatar.com\/avatar\/18f0d3fc7c5dce56638509b6723441b1cb65331321a530da9744c088e8d655ac?s=96&d=mm&r=g","url":"https:\/\/secure.gravatar.com\/avatar\/18f0d3fc7c5dce56638509b6723441b1cb65331321a530da9744c088e8d655ac?s=96&d=mm&r=g","contentUrl":"https:\/\/secure.gravatar.com\/avatar\/18f0d3fc7c5dce56638509b6723441b1cb65331321a530da9744c088e8d655ac?s=96&d=mm&r=g","caption":"@PresPortFenRedbox"},"sameAs":["https:\/\/www.portesetfenetrespresident.com"],"url":"https:\/\/www.portesetfenetrespresident.com\/en\/nouvelles\/author\/presportfenredbox\/"}]}},"_links":{"self":[{"href":"https:\/\/www.portesetfenetrespresident.com\/en\/wp-json\/wp\/v2\/posts\/1522","targetHints":{"allow":["GET"]}}],"collection":[{"href":"https:\/\/www.portesetfenetrespresident.com\/en\/wp-json\/wp\/v2\/posts"}],"about":[{"href":"https:\/\/www.portesetfenetrespresident.com\/en\/wp-json\/wp\/v2\/types\/post"}],"author":[{"embeddable":true,"href":"https:\/\/www.portesetfenetrespresident.com\/en\/wp-json\/wp\/v2\/users\/1"}],"replies":[{"embeddable":true,"href":"https:\/\/www.portesetfenetrespresident.com\/en\/wp-json\/wp\/v2\/comments?post=1522"}],"version-history":[{"count":0,"href":"https:\/\/www.portesetfenetrespresident.com\/en\/wp-json\/wp\/v2\/posts\/1522\/revisions"}],"wp:attachment":[{"href":"https:\/\/www.portesetfenetrespresident.com\/en\/wp-json\/wp\/v2\/media?parent=1522"}],"wp:term":[{"taxonomy":"category","embeddable":true,"href":"https:\/\/www.portesetfenetrespresident.com\/en\/wp-json\/wp\/v2\/categories?post=1522"},{"taxonomy":"post_tag","embeddable":true,"href":"https:\/\/www.portesetfenetrespresident.com\/en\/wp-json\/wp\/v2\/tags?post=1522"}],"curies":[{"name":"wp","href":"https:\/\/api.w.org\/{rel}","templated":true}]}}